{"id":12046,"date":"2022-05-13T15:25:40","date_gmt":"2022-05-13T13:25:40","guid":{"rendered":"http:\/\/mondevanille.com\/geschichte-und-ausbreitung-der-vanille-in-der-welt\/"},"modified":"2026-04-21T16:26:06","modified_gmt":"2026-04-21T14:26:06","slug":"geschichte-und-expansion-der-vanille-in-der-welt","status":"publish","type":"post","link":"https:\/\/mondevanille.com\/de\/geschichte-und-expansion-der-vanille-in-der-welt\/","title":{"rendered":"Geschichte und Ausbreitung der Vanille in der Welt"},"content":{"rendered":"\t\t<div data-elementor-type=\"wp-post\" data-elementor-id=\"12046\" class=\"elementor elementor-12046 elementor-8982\" data-elementor-post-type=\"post\">\n\t\t\t\t\t\t<div class=\"elementor-section elementor-top-section elementor-element elementor-element-43ea453 elementor-section-boxed elementor-section-height-default elementor-section-height-default\" data-id=\"43ea453\" data-element_type=\"section\" data-e-type=\"section\">\n\t\t\t\t\t\t<div class=\"elementor-container elementor-column-gap-default\">\n\t\t\t\t\t<div class=\"elementor-column elementor-col-50 elementor-top-column elementor-element elementor-element-cab3365\" data-id=\"cab3365\" data-element_type=\"column\" data-e-type=\"column\" data-settings=\"{&quot;background_background&quot;:&quot;classic&quot;}\">\n\t\t\t<div class=\"elementor-widget-wrap elementor-element-populated\">\n\t\t\t\t\t\t<div class=\"elementor-element elementor-element-be065e8 elementor-widget elementor-widget-heading\" data-id=\"be065e8\" data-element_type=\"widget\" data-e-type=\"widget\" data-widget_type=\"heading.default\">\n\t\t\t\t<div class=\"elementor-widget-container\">\n\t\t\t\t\t<h2 class=\"elementor-heading-title elementor-size-default\">Entdeckungsgeschichte und Ursprung der Vanille<\/h2>\t\t\t\t<\/div>\n\t\t\t\t<\/div>\n\t\t\t\t<div class=\"elementor-element elementor-element-6bb1ce1 elementor-widget elementor-widget-text-editor\" data-id=\"6bb1ce1\" data-element_type=\"widget\" data-e-type=\"widget\" data-widget_type=\"text-editor.default\">\n\t\t\t\t<div class=\"elementor-widget-container\">\n\t\t\t\t\t\t\t\t\t<p>Die Vanille stammt aus dem tropischen Amerika<a href=\"https:\/\/mondevanille.com\/de\/produkt\/vanille-aus-mexiko\/\">(Mexiko<\/a>), aber erst mit der Entdeckung der Neuen Welt durch die Konquistadoren wurde sie in Europa bekannt.<\/p><p>Die Mexikaner verwendeten <a href=\"https:\/\/mondevanille.com\/de\/produkt\/vanille-aus-mexiko\/\">Vanille<\/a> schon sehr lange und nannten sie nach dem aztekischen Namen &#8222;<strong>Tlilxochill<\/strong>&#8220; oder &#8222;Schwarze Schote&#8220;.<\/p><p><a href=\"https:\/\/fr.wikipedia.org\/wiki\/Hern%C3%A1n_Cort%C3%A9s\" target=\"_blank\" rel=\"noopener\">\n  <span style=\"text-decoration: underline;\">Hernando Cortez<\/span>\n<\/a>wurde der Eroberer Mexikos von<span style=\"text-decoration: underline;\">\n  <a href=\"https:\/\/fr.wikipedia.org\/wiki\/Moctezuma_II\" target=\"_blank\" rel=\"noopener\"> der Kaiser Moctezuma<\/a>\n<\/span> in goldenen Bechern Schokolade zu probieren, die mit dem Aroma von <a href=\"https:\/\/mondevanille.com\/de\/produkt\/vanille-aus-mexiko\/\">\n  <strong>vanille<\/strong>\n<\/a>. Er war wahrscheinlich der erste Europ\u00e4er, der dieses Gew\u00fcrz probierte.<\/p><p>Obwohl die Azteken das Geheimnis der Aromatisierung sorgf\u00e4ltig verborgen hielten, entdeckten es die Konquistadoren und ab 1510 wurde die <a href=\"https:\/\/mondevanille.com\/de\/produkt\/vanille-aus-mexiko\/\"><strong>Vanille<\/strong> <\/a>nach Spanien und ab 1604 nach Frankreich eingef\u00fchrt, wo sie h\u00e4ufig bei der Zubereitung von Kaffee und Schokolade verwendet wurde.<\/p>\t\t\t\t\t\t\t\t<\/div>\n\t\t\t\t<\/div>\n\t\t\t\t\t<\/div>\n\t\t<\/div>\n\t\t\t\t<div class=\"elementor-column elementor-col-50 elementor-top-column elementor-element elementor-element-82a4ce1\" data-id=\"82a4ce1\" data-element_type=\"column\" data-e-type=\"column\" data-settings=\"{&quot;background_background&quot;:&quot;classic&quot;}\">\n\t\t\t<div class=\"elementor-widget-wrap elementor-element-populated\">\n\t\t\t\t\t\t<div class=\"elementor-element elementor-element-31ad1b9 elementor-widget elementor-widget-spacer\" data-id=\"31ad1b9\" data-element_type=\"widget\" data-e-type=\"widget\" data-widget_type=\"spacer.default\">\n\t\t\t\t<div class=\"elementor-widget-container\">\n\t\t\t\t\t\t\t<div class=\"elementor-spacer\">\n\t\t\t<div class=\"elementor-spacer-inner\"><\/div>\n\t\t<\/div>\n\t\t\t\t\t\t<\/div>\n\t\t\t\t<\/div>\n\t\t\t\t\t<\/div>\n\t\t<\/div>\n\t\t\t\t\t<\/div>\n\t\t<\/div>\n\t\t\t\t<div class=\"elementor-section elementor-top-section elementor-element elementor-element-b1476df elementor-reverse-mobile_extra elementor-reverse-mobile elementor-section-boxed elementor-section-height-default elementor-section-height-default\" data-id=\"b1476df\" data-element_type=\"section\" data-e-type=\"section\">\n\t\t\t\t\t\t<div class=\"elementor-container elementor-column-gap-default\">\n\t\t\t\t\t<div class=\"elementor-column elementor-col-50 elementor-top-column elementor-element elementor-element-d28b11c\" data-id=\"d28b11c\" data-element_type=\"column\" data-e-type=\"column\" data-settings=\"{&quot;background_background&quot;:&quot;classic&quot;}\">\n\t\t\t<div class=\"elementor-widget-wrap elementor-element-populated\">\n\t\t\t\t\t\t<div class=\"elementor-element elementor-element-83347bd elementor-widget elementor-widget-spacer\" data-id=\"83347bd\" data-element_type=\"widget\" data-e-type=\"widget\" data-widget_type=\"spacer.default\">\n\t\t\t\t<div class=\"elementor-widget-container\">\n\t\t\t\t\t\t\t<div class=\"elementor-spacer\">\n\t\t\t<div class=\"elementor-spacer-inner\"><\/div>\n\t\t<\/div>\n\t\t\t\t\t\t<\/div>\n\t\t\t\t<\/div>\n\t\t\t\t\t<\/div>\n\t\t<\/div>\n\t\t\t\t<div class=\"elementor-column elementor-col-50 elementor-top-column elementor-element elementor-element-e50a4d0\" data-id=\"e50a4d0\" data-element_type=\"column\" data-e-type=\"column\" data-settings=\"{&quot;background_background&quot;:&quot;classic&quot;}\">\n\t\t\t<div class=\"elementor-widget-wrap elementor-element-populated\">\n\t\t\t\t\t\t<div class=\"elementor-element elementor-element-a3355a2 elementor-widget elementor-widget-heading\" data-id=\"a3355a2\" data-element_type=\"widget\" data-e-type=\"widget\" data-widget_type=\"heading.default\">\n\t\t\t\t<div class=\"elementor-widget-container\">\n\t\t\t\t\t<h2 class=\"elementor-heading-title elementor-size-default\">Expansion von <br>Vanilleanbau<\/h2>\t\t\t\t<\/div>\n\t\t\t\t<\/div>\n\t\t\t\t<div class=\"elementor-element elementor-element-0cec165 elementor-widget elementor-widget-text-editor\" data-id=\"0cec165\" data-element_type=\"widget\" data-e-type=\"widget\" data-widget_type=\"text-editor.default\">\n\t\t\t\t<div class=\"elementor-widget-container\">\n\t\t\t\t\t\t\t\t\t<p>Anfang des 19. Jahrhunderts wurden Setzlinge nach <strong>Java<\/strong>, dann nach <strong>La <a href=\"https:\/\/mondevanille.com\/de\/produkt\/reunion\/\">R\u00e9union<\/a><\/strong> und <strong>Mauritius<\/strong> verschifft, um dort den Anbau der wertvollen Vanille zu versuchen, aber in Ermangelung einer nat\u00fcrlichen Best\u00e4ubung durch <span style=\"text-decoration: underline;\">\n  <a href=\"https:\/\/fr.wikipedia.org\/wiki\/Melipona\" target=\"_blank\" rel=\"noopener\">ein Insekt aus Mexiko<\/a>\n<\/span>war der Anbau auf diesen Inseln unm\u00f6glich.<\/p><p>Die erste k\u00fcnstliche Best\u00e4ubung des Vanillebaums wurde 1836 im botanischen Garten von L\u00fcttich durch <a href=\"https:\/\/fr.wikipedia.org\/wiki\/Charles_Fran%C3%A7ois_Antoine_Morren\" target=\"_blank\" rel=\"noopener\">\n  <span style=\"text-decoration: underline;\">Charles Morren<\/span>\n<\/a>Im Jahr 1841 ersann der junge Sklave <span style=\"text-decoration: underline;\"><a href=\"https:\/\/fr.wikipedia.org\/wiki\/Edmond_Albius\">Edmond Albius<\/a><\/span> das Verfahren, das noch heute angewendet wird.<\/p><p>Ab 1848 begann der Anbau auf der<a href=\"https:\/\/mondevanille.com\/de\/produkt\/reunion\/\">Insel R\u00e9union<\/a> (damals besser bekannt als &#8220; <strong>Ile Bourbon<\/strong> &#8222;), den Seychellen (1866), <a href=\"https:\/\/mondevanille.com\/de\/produkt\/vanille-aus-madagaskar\/\">Madagaskar<\/a> (1871), den <a href=\"https:\/\/mondevanille.com\/de\/produkt\/vanille-von-den-komoren\/\">Komoren<\/a> (1891), <a href=\"https:\/\/mondevanille.com\/de\/produkt\/tahiti-vanille\/\">Tahiti<\/a> (1898), Uganda und Ceylon (1912).<\/p>\t\t\t\t\t\t\t\t<\/div>\n\t\t\t\t<\/div>\n\t\t\t\t\t<\/div>\n\t\t<\/div>\n\t\t\t\t\t<\/div>\n\t\t<\/div>\n\t\t\t\t<div class=\"elementor-section elementor-top-section elementor-element elementor-element-95fa84c elementor-section-boxed elementor-section-height-default elementor-section-height-default\" data-id=\"95fa84c\" data-element_type=\"section\" data-e-type=\"section\">\n\t\t\t\t\t\t<div class=\"elementor-container elementor-column-gap-default\">\n\t\t\t\t\t<div class=\"elementor-column elementor-col-100 elementor-top-column elementor-element elementor-element-d1e3fb3\" data-id=\"d1e3fb3\" data-element_type=\"column\" data-e-type=\"column\">\n\t\t\t<div class=\"elementor-widget-wrap elementor-element-populated\">\n\t\t\t\t\t\t<div class=\"elementor-element elementor-element-c524208 elementor-widget-divider--view-line elementor-widget elementor-widget-divider\" data-id=\"c524208\" data-element_type=\"widget\" data-e-type=\"widget\" data-widget_type=\"divider.default\">\n\t\t\t\t<div class=\"elementor-widget-container\">\n\t\t\t\t\t\t\t<div class=\"elementor-divider\">\n\t\t\t<span class=\"elementor-divider-separator\">\n\t\t\t\t\t\t<\/span>\n\t\t<\/div>\n\t\t\t\t\t\t<\/div>\n\t\t\t\t<\/div>\n\t\t\t\t<div class=\"elementor-element elementor-element-d50ee30 elementor-widget elementor-widget-heading\" data-id=\"d50ee30\" data-element_type=\"widget\" data-e-type=\"widget\" data-widget_type=\"heading.default\">\n\t\t\t\t<div class=\"elementor-widget-container\">\n\t\t\t\t\t<h2 class=\"elementor-heading-title elementor-size-default\">Mehr \u00fcber Vanille<\/h2>\t\t\t\t<\/div>\n\t\t\t\t<\/div>\n\t\t\t\t<div class=\"elementor-element elementor-element-7a1aa07 elementor-grid-3 elementor-grid-tablet-2 elementor-grid-mobile-1 elementor-posts--thumbnail-top elementor-card-shadow-yes elementor-posts__hover-gradient elementor-widget elementor-widget-posts\" data-id=\"7a1aa07\" data-element_type=\"widget\" data-e-type=\"widget\" data-settings=\"{&quot;cards_columns&quot;:&quot;3&quot;,&quot;cards_columns_tablet&quot;:&quot;2&quot;,&quot;cards_columns_mobile&quot;:&quot;1&quot;,&quot;cards_row_gap&quot;:{&quot;unit&quot;:&quot;px&quot;,&quot;size&quot;:35,&quot;sizes&quot;:[]},&quot;cards_row_gap_laptop&quot;:{&quot;unit&quot;:&quot;px&quot;,&quot;size&quot;:&quot;&quot;,&quot;sizes&quot;:[]},&quot;cards_row_gap_tablet&quot;:{&quot;unit&quot;:&quot;px&quot;,&quot;size&quot;:&quot;&quot;,&quot;sizes&quot;:[]},&quot;cards_row_gap_mobile_extra&quot;:{&quot;unit&quot;:&quot;px&quot;,&quot;size&quot;:&quot;&quot;,&quot;sizes&quot;:[]},&quot;cards_row_gap_mobile&quot;:{&quot;unit&quot;:&quot;px&quot;,&quot;size&quot;:&quot;&quot;,&quot;sizes&quot;:[]}}\" data-widget_type=\"posts.cards\">\n\t\t\t\t<div class=\"elementor-widget-container\">\n\t\t\t\t\t\t\t<div class=\"elementor-posts-container elementor-posts elementor-posts--skin-cards elementor-grid\" role=\"list\">\n\t\t\t\t<article class=\"elementor-post elementor-grid-item post-63408 post type-post status-publish format-standard has-post-thumbnail hentry category-kochrezept tag-vanille-rezept\" role=\"listitem\">\n\t\t\t<div class=\"elementor-post__card\">\n\t\t\t\t<a class=\"elementor-post__thumbnail__link\" href=\"https:\/\/mondevanille.com\/de\/gateau-au-potiron-a-la-vanille-des-comores\/\" tabindex=\"-1\" ><div class=\"elementor-post__thumbnail\"><img fetchpriority=\"high\" decoding=\"async\" width=\"512\" height=\"768\" src=\"https:\/\/mondevanille.com\/wp-content\/uploads\/2025\/10\/gateau-potimarron.webp\" class=\"attachment-full size-full wp-image-63410 wvs-archive-product-image\" alt=\"K\u00fcrbiskuchen mit Vanille\" \/><\/div><\/a>\n\t\t\t\t<div class=\"elementor-post__text\">\n\t\t\t\t<h3 class=\"elementor-post__title\">\n\t\t\t<a href=\"https:\/\/mondevanille.com\/de\/gateau-au-potiron-a-la-vanille-des-comores\/\" >\n\t\t\t\tK\u00fcrbiskuchen mit Vanille von den Komoren\t\t\t<\/a>\n\t\t<\/h3>\n\t\t\n\t\t<a class=\"elementor-post__read-more\" href=\"https:\/\/mondevanille.com\/de\/gateau-au-potiron-a-la-vanille-des-comores\/\" aria-label=\"Mehr \u00fcber K\u00fcrbiskuchen mit Vanille von den Komoren\" tabindex=\"-1\" >\n\t\t\tWeiterlesen \"\t\t<\/a>\n\n\t\t\t\t<\/div>\n\t\t\t\t\t<\/div>\n\t\t<\/article>\n\t\t\t\t<article class=\"elementor-post elementor-grid-item post-65074 post type-post status-publish format-standard has-post-thumbnail hentry category-kochrezept category-unkategorisiert tag-vanille-rezept\" role=\"listitem\">\n\t\t\t<div class=\"elementor-post__card\">\n\t\t\t\t<a class=\"elementor-post__thumbnail__link\" href=\"https:\/\/mondevanille.com\/de\/recette-simple-et-classique-br-de-la-creme-aux-oeufs-a-la-vanille\/\" tabindex=\"-1\" ><div class=\"elementor-post__thumbnail\"><img decoding=\"async\" width=\"2048\" height=\"1536\" src=\"https:\/\/mondevanille.com\/wp-content\/uploads\/2021\/02\/IMG_0377.jpg\" class=\"attachment-full size-full wp-image-6305 wvs-archive-product-image\" alt=\"Le Monde de la Vanille Vanille-Eiercreme Tahiti\" \/><\/div><\/a>\n\t\t\t\t<div class=\"elementor-post__text\">\n\t\t\t\t<h3 class=\"elementor-post__title\">\n\t\t\t<a href=\"https:\/\/mondevanille.com\/de\/recette-simple-et-classique-br-de-la-creme-aux-oeufs-a-la-vanille\/\" >\n\t\t\t\tKlassisches und einfaches Rezept <br> f\u00fcr Vanille-Eiercreme\t\t\t<\/a>\n\t\t<\/h3>\n\t\t\n\t\t<a class=\"elementor-post__read-more\" href=\"https:\/\/mondevanille.com\/de\/recette-simple-et-classique-br-de-la-creme-aux-oeufs-a-la-vanille\/\" aria-label=\"Mehr \u00fcber Klassisches und einfaches Rezept &lt;br&gt; f\u00fcr Vanille-Eiercreme\" tabindex=\"-1\" >\n\t\t\tWeiterlesen \"\t\t<\/a>\n\n\t\t\t\t<\/div>\n\t\t\t\t\t<\/div>\n\t\t<\/article>\n\t\t\t\t<article class=\"elementor-post elementor-grid-item post-54610 post type-post status-publish format-standard has-post-thumbnail hentry category-kochrezept tag-vanille-rezept\" role=\"listitem\">\n\t\t\t<div class=\"elementor-post__card\">\n\t\t\t\t<a class=\"elementor-post__thumbnail__link\" href=\"https:\/\/mondevanille.com\/de\/artischocken-minz-und-vanille-von-papua-neuguinea-netze\/\" tabindex=\"-1\" ><div class=\"elementor-post__thumbnail\"><img decoding=\"async\" width=\"636\" height=\"424\" src=\"https:\/\/mondevanille.com\/wp-content\/uploads\/2024\/02\/Recette-Rouget-Vanille.webp\" class=\"attachment-full size-full wp-image-54584 wvs-archive-product-image\" alt=\"Rezept Rotbarben Vanille\" srcset=\"https:\/\/mondevanille.com\/wp-content\/uploads\/2024\/02\/Recette-Rouget-Vanille.webp 636w, https:\/\/mondevanille.com\/wp-content\/uploads\/2024\/02\/Recette-Rouget-Vanille-600x400.webp 600w, https:\/\/mondevanille.com\/wp-content\/uploads\/2024\/02\/Recette-Rouget-Vanille-64x43.webp 64w\" sizes=\"(max-width: 636px) 100vw, 636px\" \/><\/div><\/a>\n\t\t\t\t<div class=\"elementor-post__text\">\n\t\t\t\t<h3 class=\"elementor-post__title\">\n\t\t\t<a href=\"https:\/\/mondevanille.com\/de\/artischocken-minz-und-vanille-von-papua-neuguinea-netze\/\" >\n\t\t\t\tRotbarbenfilets, Minze und Vanille aus Papua-Neuguinea\t\t\t<\/a>\n\t\t<\/h3>\n\t\t\n\t\t<a class=\"elementor-post__read-more\" href=\"https:\/\/mondevanille.com\/de\/artischocken-minz-und-vanille-von-papua-neuguinea-netze\/\" aria-label=\"Mehr \u00fcber Rotbarbenfilets, Minze und Vanille aus Papua-Neuguinea\" tabindex=\"-1\" >\n\t\t\tWeiterlesen \"\t\t<\/a>\n\n\t\t\t\t<\/div>\n\t\t\t\t\t<\/div>\n\t\t<\/article>\n\t\t\t\t<\/div>\n\t\t\n\t\t\t\t\t\t<\/div>\n\t\t\t\t<\/div>\n\t\t\t\t\t<\/div>\n\t\t<\/div>\n\t\t\t\t\t<\/div>\n\t\t<\/div>\n\t\t\t\t<\/div>\n\t\t","protected":false},"excerpt":{"rendered":"<p>Entdeckungsgeschichte und Ursprung der Vanille Die Vanille stammt aus dem tropischen Amerika(Mexiko), aber erst mit der Entdeckung der Neuen Welt durch die Konquistadoren wurde sie in Europa bekannt. Die Mexikaner verwendeten Vanille schon sehr lange und nannten sie nach dem aztekischen Namen &#8222;Tlilxochill&#8220; oder &#8222;Schwarze Schote&#8220;. Hernando Cortez wurde der Eroberer Mexikos von der Kaiser Moctezuma in goldenen Bechern Schokolade<\/p>\n","protected":false},"author":3,"featured_media":8987,"comment_status":"closed","ping_status":"open","sticky":false,"template":"","format":"standard","meta":{"footnotes":""},"categories":[279],"tags":[],"class_list":["post-12046","post","type-post","status-publish","format-standard","has-post-thumbnail","hentry","category-herkunft-der-vanille"],"aioseo_notices":[],"_links":{"self":[{"href":"https:\/\/mondevanille.com\/de\/wp-json\/wp\/v2\/posts\/12046","targetHints":{"allow":["GET"]}}],"collection":[{"href":"https:\/\/mondevanille.com\/de\/wp-json\/wp\/v2\/posts"}],"about":[{"href":"https:\/\/mondevanille.com\/de\/wp-json\/wp\/v2\/types\/post"}],"author":[{"embeddable":true,"href":"https:\/\/mondevanille.com\/de\/wp-json\/wp\/v2\/users\/3"}],"replies":[{"embeddable":true,"href":"https:\/\/mondevanille.com\/de\/wp-json\/wp\/v2\/comments?post=12046"}],"version-history":[{"count":1,"href":"https:\/\/mondevanille.com\/de\/wp-json\/wp\/v2\/posts\/12046\/revisions"}],"predecessor-version":[{"id":65665,"href":"https:\/\/mondevanille.com\/de\/wp-json\/wp\/v2\/posts\/12046\/revisions\/65665"}],"wp:featuredmedia":[{"embeddable":true,"href":"https:\/\/mondevanille.com\/de\/wp-json\/wp\/v2\/media\/8987"}],"wp:attachment":[{"href":"https:\/\/mondevanille.com\/de\/wp-json\/wp\/v2\/media?parent=12046"}],"wp:term":[{"taxonomy":"category","embeddable":true,"href":"https:\/\/mondevanille.com\/de\/wp-json\/wp\/v2\/categories?post=12046"},{"taxonomy":"post_tag","embeddable":true,"href":"https:\/\/mondevanille.com\/de\/wp-json\/wp\/v2\/tags?post=12046"}],"curies":[{"name":"wp","href":"https:\/\/api.w.org\/{rel}","templated":true}]}}