{"id":8515,"date":"2022-05-06T10:46:00","date_gmt":"2022-05-06T08:46:00","guid":{"rendered":"http:\/\/mondevanille.com\/wie-vanille-waechst\/"},"modified":"2026-04-21T16:26:06","modified_gmt":"2026-04-21T14:26:06","slug":"wie-die-vanille-stossen","status":"publish","type":"post","link":"https:\/\/mondevanille.com\/de\/wie-die-vanille-stossen\/","title":{"rendered":"Wie w\u00e4chst die Vanille? Der Anbau von Vanille"},"content":{"rendered":"\t\t<div data-elementor-type=\"wp-post\" data-elementor-id=\"8515\" class=\"elementor elementor-8515 elementor-8495\" data-elementor-post-type=\"post\">\n\t\t\t\t\t\t<div class=\"elementor-section elementor-top-section elementor-element elementor-element-d58930d elementor-section-boxed elementor-section-height-default elementor-section-height-default\" data-id=\"d58930d\" data-element_type=\"section\" data-e-type=\"section\" data-settings=\"{&quot;background_background&quot;:&quot;classic&quot;}\">\n\t\t\t\t\t\t<div class=\"elementor-container elementor-column-gap-default\">\n\t\t\t\t\t<div class=\"elementor-column elementor-col-50 elementor-top-column elementor-element elementor-element-176d25b\" data-id=\"176d25b\" data-element_type=\"column\" data-e-type=\"column\" data-settings=\"{&quot;background_background&quot;:&quot;classic&quot;}\">\n\t\t\t<div class=\"elementor-widget-wrap elementor-element-populated\">\n\t\t\t\t\t\t<div class=\"elementor-element elementor-element-4695dfc elementor-widget elementor-widget-text-editor\" data-id=\"4695dfc\" data-element_type=\"widget\" data-e-type=\"widget\" data-widget_type=\"text-editor.default\">\n\t\t\t\t<div class=\"elementor-widget-container\">\n\t\t\t\t\t\t\t\t\t<p><strong>Der bis zu f\u00fcnfzehn Meter lange Vanillebaum<\/strong> ist eine Kletterpflanze mit knorrigen, gr\u00fcnen, fleischigen, zylindrischen, sich verzweigenden St\u00e4ngeln. Sie haften durch Adventivwurzeln von 2 Millimetern Durchmesser an B\u00e4umen und verschiedenen St\u00fctzen. Der Haupttrieb hat einen Durchmesser von ein bis zwei Zentimetern.&nbsp;<\/p>\n<p><strong>Als epiphytische Orchidee<\/strong> kann sie nur zwischen 10 und 20\u00b0 n\u00f6rdlicher und s\u00fcdlicher Breite und in einer H\u00f6he von weniger als 700 Metern gedeihen. Die Durchschnittstemperatur muss zwischen 21 und 31\u00b0C schwanken.<\/p>\n<p>Der Boden muss gut durchl\u00e4ssig sein, um ein Ersticken der Wurzeln zu vermeiden, und <strong>reich an organischer Substanz<\/strong> , die hohe Hydrometrie zwischen Sonne und Schatten.<\/p>\n<p><strong>Der Vanillebaum<\/strong> ben\u00f6tigt Unterst\u00fctzung, um zu klettern und Schatten zu finden. In den Vanillehainen werden in der Regel vorher kleine B\u00e4ume gepflanzt, die sp\u00e4ter das Gewicht des Vanillebaums tragen k\u00f6nnen. Diese B\u00e4ume sind h\u00e4ufig <strong>der Pinienbaum, der Kaffeebaum, der Avocadobaum, der Cashewbaum oder der Mangobaum<\/strong>. Der Begriff&nbsp;<em>under crop<\/em>&nbsp;&#8220; ist insbesondere den&nbsp; indischen Plantagen vorbehalten, die in gro\u00dfem Umfang Mischkulturen aus Pfeffer, Cashew oder Kokosnuss mit Vanille entwickelt haben. <strong>In Indien<\/strong> gibt es intensive Vanilleplantagen, die so genannten &#8222;Vanilla Plants&#8220;.&nbsp;<em>undershade&nbsp;<\/em>&#8222;, die einen h\u00f6heren Ertrag an gr\u00fcner Vanille erm\u00f6glicht.<\/p>\t\t\t\t\t\t\t\t<\/div>\n\t\t\t\t<\/div>\n\t\t\t\t\t<\/div>\n\t\t<\/div>\n\t\t\t\t<div class=\"elementor-column elementor-col-50 elementor-top-column elementor-element elementor-element-647b086\" data-id=\"647b086\" data-element_type=\"column\" data-e-type=\"column\" data-settings=\"{&quot;background_background&quot;:&quot;classic&quot;}\">\n\t\t\t<div class=\"elementor-widget-wrap elementor-element-populated\">\n\t\t\t\t\t\t<div class=\"elementor-element elementor-element-86edde1 elementor-widget elementor-widget-spacer\" data-id=\"86edde1\" data-element_type=\"widget\" data-e-type=\"widget\" data-widget_type=\"spacer.default\">\n\t\t\t\t<div class=\"elementor-widget-container\">\n\t\t\t\t\t\t\t<div class=\"elementor-spacer\">\n\t\t\t<div class=\"elementor-spacer-inner\"><\/div>\n\t\t<\/div>\n\t\t\t\t\t\t<\/div>\n\t\t\t\t<\/div>\n\t\t\t\t\t<\/div>\n\t\t<\/div>\n\t\t\t\t\t<\/div>\n\t\t<\/div>\n\t\t\t\t<div class=\"elementor-section elementor-top-section elementor-element elementor-element-0fb1b5b elementor-reverse-mobile elementor-reverse-mobile_extra elementor-section-boxed elementor-section-height-default elementor-section-height-default\" data-id=\"0fb1b5b\" data-element_type=\"section\" data-e-type=\"section\" data-settings=\"{&quot;background_background&quot;:&quot;classic&quot;}\">\n\t\t\t\t\t\t<div class=\"elementor-container elementor-column-gap-default\">\n\t\t\t\t\t<div class=\"elementor-column elementor-col-50 elementor-top-column elementor-element elementor-element-5ed85a4\" data-id=\"5ed85a4\" data-element_type=\"column\" data-e-type=\"column\" data-settings=\"{&quot;background_background&quot;:&quot;classic&quot;}\">\n\t\t\t<div class=\"elementor-widget-wrap elementor-element-populated\">\n\t\t\t\t\t\t<div class=\"elementor-element elementor-element-6962970 elementor-widget elementor-widget-spacer\" data-id=\"6962970\" data-element_type=\"widget\" data-e-type=\"widget\" data-widget_type=\"spacer.default\">\n\t\t\t\t<div class=\"elementor-widget-container\">\n\t\t\t\t\t\t\t<div class=\"elementor-spacer\">\n\t\t\t<div class=\"elementor-spacer-inner\"><\/div>\n\t\t<\/div>\n\t\t\t\t\t\t<\/div>\n\t\t\t\t<\/div>\n\t\t\t\t\t<\/div>\n\t\t<\/div>\n\t\t\t\t<div class=\"elementor-column elementor-col-50 elementor-top-column elementor-element elementor-element-bb0ac5d\" data-id=\"bb0ac5d\" data-element_type=\"column\" data-e-type=\"column\" data-settings=\"{&quot;background_background&quot;:&quot;classic&quot;}\">\n\t\t\t<div class=\"elementor-widget-wrap elementor-element-populated\">\n\t\t\t\t\t\t<div class=\"elementor-element elementor-element-99e3554 elementor-widget elementor-widget-text-editor\" data-id=\"99e3554\" data-element_type=\"widget\" data-e-type=\"widget\" data-widget_type=\"text-editor.default\">\n\t\t\t\t<div class=\"elementor-widget-container\">\n\t\t\t\t\t\t\t\t\t<p>Die Bl\u00e4tter sind <strong>immergr\u00fcn und gr\u00fcn<\/strong> , 15 bis 25 Zentimeter lang und 5 bis 8 Zentimeter breit. Die trompetenf\u00f6rmigen Bl\u00fcten sind hellgelb und duften. Staubbl\u00e4tter, Griffel und Narbe sind vereint und bilden den Gymnoterm.<\/p><p>Der Mann ist <strong>wichtig<\/strong> , um den Pollen auf die Narbe zu \u00fcbertragen. Der Wind hat angesichts der Anordnung der Bl\u00fctenorgane keine Wirkung. Die Frucht ist eine l\u00e4ngliche, gr\u00fcn gef\u00e4rbte <a href=\"https:\/\/mondevanille.com\/de\/produkt\/vanille-aus-madagaskar\/?attribute_pa_conditionnement=sachet&#038;attribute_pa_quantite=10-gousses&#038;attribute_pa_taille=16-18\">Schote<\/a>. Die H\u00fclsen sind zu einem &#8222;Besen&#8220; mit etwa zehn Fr\u00fcchten unterschiedlicher L\u00e4nge von 10 bis 20 cm zusammengefasst.<br>Die Frucht<strong> wird gelb und braun <\/strong>, wenn sie reif ist und gepfl\u00fcckt wird.<\/p>\t\t\t\t\t\t\t\t<\/div>\n\t\t\t\t<\/div>\n\t\t\t\t\t<\/div>\n\t\t<\/div>\n\t\t\t\t\t<\/div>\n\t\t<\/div>\n\t\t\t\t<div class=\"elementor-section elementor-top-section elementor-element elementor-element-6fee878 elementor-section-boxed elementor-section-height-default elementor-section-height-default\" data-id=\"6fee878\" data-element_type=\"section\" data-e-type=\"section\" data-settings=\"{&quot;background_background&quot;:&quot;classic&quot;}\">\n\t\t\t\t\t\t<div class=\"elementor-container elementor-column-gap-default\">\n\t\t\t\t\t<div class=\"elementor-column elementor-col-50 elementor-top-column elementor-element elementor-element-b8873c5\" data-id=\"b8873c5\" data-element_type=\"column\" data-e-type=\"column\" data-settings=\"{&quot;background_background&quot;:&quot;classic&quot;}\">\n\t\t\t<div class=\"elementor-widget-wrap elementor-element-populated\">\n\t\t\t\t\t\t<div class=\"elementor-element elementor-element-5c94063 elementor-widget elementor-widget-text-editor\" data-id=\"5c94063\" data-element_type=\"widget\" data-e-type=\"widget\" data-widget_type=\"text-editor.default\">\n\t\t\t\t<div class=\"elementor-widget-container\">\n\t\t\t\t\t\t\t\t\t<p><strong>Vanille<\/strong> bl\u00fcht normalerweise ab dem dritten Pflanzjahr. K\u00fcnstliche <strong>Best\u00e4ubung<\/strong> erfordert eine t\u00e4gliche Passage f\u00fcr zwei bis drei Monate.<br><\/p><p>Wenn die Befruchtung erfolgreich ist, erreicht die Frucht ihre erwachsene Gr\u00f6\u00dfe in sechs Wochen, wird aber erst sieben bis acht Monate sp\u00e4ter reif geerntet. Die k\u00fcnstliche Best\u00e4ubung wird von Frauen (&#8220; <em>Heiratsvermittlerinnen<\/em> &#8222;)&nbsp; oder Kindern mithilfe eines d\u00fcnnen Bambusstifts durchgef\u00fchrt. Ein guter Best\u00e4uber betreibt zwischen 1000 und 1500 Best\u00e4ubungen pro Tag.  <br><\/p><p>Die Befruchtung findet am Morgen statt, wenn die Bl\u00fcte erbl\u00fcht, da die Bl\u00fcte nur<strong>einen Tag<\/strong> lang bl\u00fcht. Ein Fu\u00df produziert 4 bis 10 Besen oder 40 bis 120 Schoten. Mit einem durchschnittlichen Ertrag von 5 kg gr\u00fcner Vanille f\u00fcr 1 kg zubereitete Vanille (siehe <em>Vorbereitung - Verpackung<\/em>)&nbsp; produziert ein guter Vanillehain 500 bis 800 kg zubereitete <strong>Vanille<\/strong> pro Hektar und dies w\u00e4hrend eines Durchschnitts von 8-9 Jahren ( <a style=\"color:#fff;\" href=\"https:\/\/mondevanille.com\/de\/produkt\/vanille-aus-madagaskar\/\">madagassische<\/a> Normen). Die Vermehrung erfolgt normalerweise durch das Umpflanzen von Lianen von etwa 1 bis 1 1\/2 Metern L\u00e4nge.<\/p>\t\t\t\t\t\t\t\t<\/div>\n\t\t\t\t<\/div>\n\t\t\t\t\t<\/div>\n\t\t<\/div>\n\t\t\t\t<div class=\"elementor-column elementor-col-50 elementor-top-column elementor-element elementor-element-46903f2\" data-id=\"46903f2\" data-element_type=\"column\" data-e-type=\"column\" data-settings=\"{&quot;background_background&quot;:&quot;classic&quot;}\">\n\t\t\t<div class=\"elementor-widget-wrap elementor-element-populated\">\n\t\t\t\t\t\t<div class=\"elementor-element elementor-element-336f713 elementor-widget elementor-widget-spacer\" data-id=\"336f713\" data-element_type=\"widget\" data-e-type=\"widget\" data-widget_type=\"spacer.default\">\n\t\t\t\t<div class=\"elementor-widget-container\">\n\t\t\t\t\t\t\t<div class=\"elementor-spacer\">\n\t\t\t<div class=\"elementor-spacer-inner\"><\/div>\n\t\t<\/div>\n\t\t\t\t\t\t<\/div>\n\t\t\t\t<\/div>\n\t\t\t\t\t<\/div>\n\t\t<\/div>\n\t\t\t\t\t<\/div>\n\t\t<\/div>\n\t\t\t\t<div class=\"elementor-section elementor-top-section elementor-element elementor-element-da3283a elementor-section-boxed elementor-section-height-default elementor-section-height-default\" data-id=\"da3283a\" data-element_type=\"section\" data-e-type=\"section\">\n\t\t\t\t\t\t<div class=\"elementor-container elementor-column-gap-default\">\n\t\t\t\t\t<div class=\"elementor-column elementor-col-100 elementor-top-column elementor-element elementor-element-03a84b0\" data-id=\"03a84b0\" data-element_type=\"column\" data-e-type=\"column\">\n\t\t\t<div class=\"elementor-widget-wrap elementor-element-populated\">\n\t\t\t\t\t\t<div class=\"elementor-element elementor-element-443ecb3 elementor-widget elementor-widget-heading\" data-id=\"443ecb3\" data-element_type=\"widget\" data-e-type=\"widget\" data-widget_type=\"heading.default\">\n\t\t\t\t<div class=\"elementor-widget-container\">\n\t\t\t\t\t<h2 class=\"elementor-heading-title elementor-size-default\">Botanik \u00fcber Vanille<\/h2>\t\t\t\t<\/div>\n\t\t\t\t<\/div>\n\t\t\t\t<div class=\"elementor-element elementor-element-4b7d2a8 elementor-widget elementor-widget-text-editor\" data-id=\"4b7d2a8\" data-element_type=\"widget\" data-e-type=\"widget\" data-widget_type=\"text-editor.default\">\n\t\t\t\t<div class=\"elementor-widget-container\">\n\t\t\t\t\t\t\t\t\t<p>Von etwa 100 aufgelisteten und mehr oder weniger lokal vorkommenden Arten wurden historisch drei als Quelle f\u00fcr nat\u00fcrliches Vanillin in Betracht gezogen.<\/p>\t\t\t\t\t\t\t\t<\/div>\n\t\t\t\t<\/div>\n\t\t\t\t\t<\/div>\n\t\t<\/div>\n\t\t\t\t\t<\/div>\n\t\t<\/div>\n\t\t\t\t<div class=\"elementor-section elementor-top-section elementor-element elementor-element-43d0a03 elementor-section-boxed elementor-section-height-default elementor-section-height-default\" data-id=\"43d0a03\" data-element_type=\"section\" data-e-type=\"section\" data-settings=\"{&quot;background_background&quot;:&quot;classic&quot;}\">\n\t\t\t\t\t\t<div class=\"elementor-container elementor-column-gap-default\">\n\t\t\t\t\t<div class=\"elementor-column elementor-col-50 elementor-top-column elementor-element elementor-element-78a3cef\" data-id=\"78a3cef\" data-element_type=\"column\" data-e-type=\"column\" data-settings=\"{&quot;background_background&quot;:&quot;classic&quot;}\">\n\t\t\t<div class=\"elementor-widget-wrap elementor-element-populated\">\n\t\t\t\t\t\t<div class=\"elementor-element elementor-element-661f80b elementor-widget elementor-widget-text-editor\" data-id=\"661f80b\" data-element_type=\"widget\" data-e-type=\"widget\" data-widget_type=\"text-editor.default\">\n\t\t\t\t<div class=\"elementor-widget-container\">\n\t\t\t\t\t\t\t\t\t<p><strong>Vanille Pompona Shiede<\/strong><\/p><p>Haupts\u00e4chlich im tropischen Amerika, Brasilien, Guyana, angebaut in der <strong>westindischen Zone<\/strong> (Martinique, Guadeloupe, Trinidad) Vanille mit sehr geringem Ertrag, deren Anbau sehr schnell aufgegeben wurde.<\/p><p>Sie ist besser bekannt als \u201e <strong>Vanillon<\/strong> \u201c oder \u201e <strong>Vanillebanane<\/strong> \u201c mit einer Produktion von einigen hundert Kilo pro Jahr. Die Schoten sind kurz mit einer durchschnittlichen L\u00e4nge von 10 bis 12 cm und 1 bis 3 cm breit.<br>Duftprinzip <strong>:<\/strong> <em>VANILLIN<\/em><\/p>\t\t\t\t\t\t\t\t<\/div>\n\t\t\t\t<\/div>\n\t\t\t\t\t<\/div>\n\t\t<\/div>\n\t\t\t\t<div class=\"elementor-column elementor-col-50 elementor-top-column elementor-element elementor-element-e81c9da\" data-id=\"e81c9da\" data-element_type=\"column\" data-e-type=\"column\">\n\t\t\t<div class=\"elementor-widget-wrap elementor-element-populated\">\n\t\t\t\t\t\t<div class=\"elementor-element elementor-element-383da65 elementor-widget elementor-widget-image\" data-id=\"383da65\" data-element_type=\"widget\" data-e-type=\"widget\" data-widget_type=\"image.default\">\n\t\t\t\t<div class=\"elementor-widget-container\">\n\t\t\t\t\t\t\t\t\t\t\t\t\t\t\t<img fetchpriority=\"high\" decoding=\"async\" width=\"1024\" height=\"916\" src=\"https:\/\/mondevanille.com\/wp-content\/uploads\/2021\/02\/IMG_0277.jpg\" class=\"attachment-large size-large wp-image-6281 wvs-archive-product-image\" alt=\"Die Welt die Vanille\" \/>\t\t\t\t\t\t\t\t\t\t\t\t\t\t\t<\/div>\n\t\t\t\t<\/div>\n\t\t\t\t\t<\/div>\n\t\t<\/div>\n\t\t\t\t\t<\/div>\n\t\t<\/div>\n\t\t\t\t<div class=\"elementor-section elementor-top-section elementor-element elementor-element-a9982ff elementor-reverse-mobile elementor-reverse-mobile_extra elementor-section-boxed elementor-section-height-default elementor-section-height-default\" data-id=\"a9982ff\" data-element_type=\"section\" data-e-type=\"section\" data-settings=\"{&quot;background_background&quot;:&quot;classic&quot;}\">\n\t\t\t\t\t\t<div class=\"elementor-container elementor-column-gap-default\">\n\t\t\t\t\t<div class=\"elementor-column elementor-col-50 elementor-top-column elementor-element elementor-element-a6101ed\" data-id=\"a6101ed\" data-element_type=\"column\" data-e-type=\"column\" data-settings=\"{&quot;background_background&quot;:&quot;classic&quot;}\">\n\t\t\t<div class=\"elementor-widget-wrap elementor-element-populated\">\n\t\t\t\t\t\t<div class=\"elementor-element elementor-element-b9ab2dd elementor-widget elementor-widget-spacer\" data-id=\"b9ab2dd\" data-element_type=\"widget\" data-e-type=\"widget\" data-widget_type=\"spacer.default\">\n\t\t\t\t<div class=\"elementor-widget-container\">\n\t\t\t\t\t\t\t<div class=\"elementor-spacer\">\n\t\t\t<div class=\"elementor-spacer-inner\"><\/div>\n\t\t<\/div>\n\t\t\t\t\t\t<\/div>\n\t\t\t\t<\/div>\n\t\t\t\t\t<\/div>\n\t\t<\/div>\n\t\t\t\t<div class=\"elementor-column elementor-col-50 elementor-top-column elementor-element elementor-element-2863c04\" data-id=\"2863c04\" data-element_type=\"column\" data-e-type=\"column\" data-settings=\"{&quot;background_background&quot;:&quot;classic&quot;}\">\n\t\t\t<div class=\"elementor-widget-wrap elementor-element-populated\">\n\t\t\t\t\t\t<div class=\"elementor-element elementor-element-4cd8f9c elementor-widget elementor-widget-text-editor\" data-id=\"4cd8f9c\" data-element_type=\"widget\" data-e-type=\"widget\" data-widget_type=\"text-editor.default\">\n\t\t\t\t<div class=\"elementor-widget-container\">\n\t\t\t\t\t\t\t\t\t<p><strong>Vanilla Tahitentis Moore<\/strong>:<br>1848 von Admiral F. Hamelin in <strong>Polynesien<\/strong> eingef\u00fchrt. In den 50er Jahren war <strong>Franz\u00f6sisch-Polynesien<\/strong> mit 200 Tonnen hinter <strong>Madagaskar<\/strong> der zweitgr\u00f6\u00dfte Vanilleproduzent der Welt, doch die Nutzung dieses Gew\u00fcrzes ist aufgrund der Entwicklung der weltweiten Produktionsstrukturen und der abschreckenden Arbeitskosten st\u00e4ndig zur\u00fcckgegangen und hat sich auf wenige Tonnen pro Jahr stabilisiert. <\/p><p>Zudem haben ein niedriger <strong>Vanillingehalt<\/strong> und ein starkes Anisaroma gleichzeitig die Anwenderindustrien zugunsten von <strong>Bourbon<\/strong> oder <strong>indonesischer<\/strong> Vanille abgelenkt.<\/p><p><strong>Die <a style=\"color: #fff;\" href=\"https:\/\/mondevanille.com\/de\/produkt\/tahiti-vanille\/\">Tahiti-Vanille<\/a><\/strong> wird \u00fcberwiegend in Form von Extrakten in der Parf\u00fcmerie und als sogenannte &#8222;Mund&#8220;-Schoten in der Konditorei verwendet.<\/p><p><strong>Duftprinzipien<\/strong> : <em>HELIOTROPIN &amp; VANILLIN<\/em><\/p>\t\t\t\t\t\t\t\t<\/div>\n\t\t\t\t<\/div>\n\t\t\t\t\t<\/div>\n\t\t<\/div>\n\t\t\t\t\t<\/div>\n\t\t<\/div>\n\t\t\t\t<div class=\"elementor-section elementor-top-section elementor-element elementor-element-b288b5c elementor-section-boxed elementor-section-height-default elementor-section-height-default\" data-id=\"b288b5c\" data-element_type=\"section\" data-e-type=\"section\" data-settings=\"{&quot;background_background&quot;:&quot;classic&quot;}\">\n\t\t\t\t\t\t<div class=\"elementor-container elementor-column-gap-default\">\n\t\t\t\t\t<div class=\"elementor-column elementor-col-50 elementor-top-column elementor-element elementor-element-91cb56d\" data-id=\"91cb56d\" data-element_type=\"column\" data-e-type=\"column\" data-settings=\"{&quot;background_background&quot;:&quot;classic&quot;}\">\n\t\t\t<div class=\"elementor-widget-wrap elementor-element-populated\">\n\t\t\t\t\t\t<div class=\"elementor-element elementor-element-afc23dd elementor-widget elementor-widget-text-editor\" data-id=\"afc23dd\" data-element_type=\"widget\" data-e-type=\"widget\" data-widget_type=\"text-editor.default\">\n\t\t\t\t<div class=\"elementor-widget-container\">\n\t\t\t\t\t\t\t\t\t<p><strong>Vanilla Planifolia<\/strong> oder <strong>Vanilla Fragrans<\/strong> Ende des 19. Jahrhunderts im Indischen Ozean eingef\u00fchrt.<\/p><p>Sie wird weltweit am meisten produziert und gehandelt und w\u00e4chst in <strong>Madagaskar<\/strong> und Bourbon. <a href=\"https:\/\/mondevanille.com\/de\/produkt\/vanille-von-den-komoren\/\">\n  <strong>Komoren<\/strong>\n<\/a>Sie wird auf Madagaskar, La <strong>R\u00e9union<\/strong> (Bourbon f\u00fcr alle drei Urspr\u00fcnge), Indien, Indonesien, <strong>Papua-Neuguinea<\/strong>, <strong>Uganda<\/strong>, <strong>Mexiko<\/strong>, ihrem Ursprungsland, und den <strong>Tonga-Inseln<\/strong> angebaut.<\/p>\t\t\t\t\t\t\t\t<\/div>\n\t\t\t\t<\/div>\n\t\t\t\t\t<\/div>\n\t\t<\/div>\n\t\t\t\t<div class=\"elementor-column elementor-col-50 elementor-top-column elementor-element elementor-element-0b04fa5\" data-id=\"0b04fa5\" data-element_type=\"column\" data-e-type=\"column\" data-settings=\"{&quot;background_background&quot;:&quot;classic&quot;}\">\n\t\t\t<div class=\"elementor-widget-wrap elementor-element-populated\">\n\t\t\t\t\t\t<div class=\"elementor-element elementor-element-155f921 elementor-widget elementor-widget-spacer\" data-id=\"155f921\" data-element_type=\"widget\" data-e-type=\"widget\" data-widget_type=\"spacer.default\">\n\t\t\t\t<div class=\"elementor-widget-container\">\n\t\t\t\t\t\t\t<div class=\"elementor-spacer\">\n\t\t\t<div class=\"elementor-spacer-inner\"><\/div>\n\t\t<\/div>\n\t\t\t\t\t\t<\/div>\n\t\t\t\t<\/div>\n\t\t\t\t\t<\/div>\n\t\t<\/div>\n\t\t\t\t\t<\/div>\n\t\t<\/div>\n\t\t\t\t<div class=\"elementor-section elementor-top-section elementor-element elementor-element-e8b7b15 elementor-section-boxed elementor-section-height-default elementor-section-height-default\" data-id=\"e8b7b15\" data-element_type=\"section\" data-e-type=\"section\">\n\t\t\t\t\t\t<div class=\"elementor-container elementor-column-gap-default\">\n\t\t\t\t\t<div class=\"elementor-column elementor-col-100 elementor-top-column elementor-element elementor-element-f69f485\" data-id=\"f69f485\" data-element_type=\"column\" data-e-type=\"column\">\n\t\t\t<div class=\"elementor-widget-wrap elementor-element-populated\">\n\t\t\t\t\t\t<div class=\"elementor-element elementor-element-bfc9b13 elementor-widget-divider--view-line elementor-widget elementor-widget-divider\" data-id=\"bfc9b13\" data-element_type=\"widget\" data-e-type=\"widget\" data-widget_type=\"divider.default\">\n\t\t\t\t<div class=\"elementor-widget-container\">\n\t\t\t\t\t\t\t<div class=\"elementor-divider\">\n\t\t\t<span class=\"elementor-divider-separator\">\n\t\t\t\t\t\t<\/span>\n\t\t<\/div>\n\t\t\t\t\t\t<\/div>\n\t\t\t\t<\/div>\n\t\t\t\t<div class=\"elementor-element elementor-element-1beaf27 elementor-widget elementor-widget-heading\" data-id=\"1beaf27\" data-element_type=\"widget\" data-e-type=\"widget\" data-widget_type=\"heading.default\">\n\t\t\t\t<div class=\"elementor-widget-container\">\n\t\t\t\t\t<h2 class=\"elementor-heading-title elementor-size-default\">Mehr \u00fcber Vanille<\/h2>\t\t\t\t<\/div>\n\t\t\t\t<\/div>\n\t\t\t\t<div class=\"elementor-element elementor-element-13b9e23 elementor-grid-3 elementor-grid-tablet-2 elementor-grid-mobile-1 elementor-posts--thumbnail-top elementor-card-shadow-yes elementor-posts__hover-gradient elementor-widget elementor-widget-posts\" data-id=\"13b9e23\" data-element_type=\"widget\" data-e-type=\"widget\" data-settings=\"{&quot;cards_columns&quot;:&quot;3&quot;,&quot;cards_columns_tablet&quot;:&quot;2&quot;,&quot;cards_columns_mobile&quot;:&quot;1&quot;,&quot;cards_row_gap&quot;:{&quot;unit&quot;:&quot;px&quot;,&quot;size&quot;:35,&quot;sizes&quot;:[]},&quot;cards_row_gap_laptop&quot;:{&quot;unit&quot;:&quot;px&quot;,&quot;size&quot;:&quot;&quot;,&quot;sizes&quot;:[]},&quot;cards_row_gap_tablet&quot;:{&quot;unit&quot;:&quot;px&quot;,&quot;size&quot;:&quot;&quot;,&quot;sizes&quot;:[]},&quot;cards_row_gap_mobile_extra&quot;:{&quot;unit&quot;:&quot;px&quot;,&quot;size&quot;:&quot;&quot;,&quot;sizes&quot;:[]},&quot;cards_row_gap_mobile&quot;:{&quot;unit&quot;:&quot;px&quot;,&quot;size&quot;:&quot;&quot;,&quot;sizes&quot;:[]}}\" data-widget_type=\"posts.cards\">\n\t\t\t\t<div class=\"elementor-widget-container\">\n\t\t\t\t\t\t\t<div class=\"elementor-posts-container elementor-posts elementor-posts--skin-cards elementor-grid\" role=\"list\">\n\t\t\t\t<article class=\"elementor-post elementor-grid-item post-54773 post type-post status-publish format-standard has-post-thumbnail hentry category-kochrezept tag-vanille-rezept\" role=\"listitem\">\n\t\t\t<div class=\"elementor-post__card\">\n\t\t\t\t<a class=\"elementor-post__thumbnail__link\" href=\"https:\/\/mondevanille.com\/de\/riz-au-lait-a-la-vanille-bourbon-de-madagascar\/\" tabindex=\"-1\" ><div class=\"elementor-post__thumbnail\"><img decoding=\"async\" width=\"1200\" height=\"1600\" src=\"https:\/\/mondevanille.com\/wp-content\/uploads\/2024\/02\/Riz-Au-Lait.webp\" class=\"attachment-full size-full wp-image-54692 wvs-archive-product-image\" alt=\"Milchreis mit Bourbon-Vanille aus Madagaskar\" \/><\/div><\/a>\n\t\t\t\t<div class=\"elementor-post__text\">\n\t\t\t\t<h3 class=\"elementor-post__title\">\n\t\t\t<a href=\"https:\/\/mondevanille.com\/de\/riz-au-lait-a-la-vanille-bourbon-de-madagascar\/\" >\n\t\t\t\tMilchreis mit Madagaskar Bourbon Vanille\t\t\t<\/a>\n\t\t<\/h3>\n\t\t\n\t\t<a class=\"elementor-post__read-more\" href=\"https:\/\/mondevanille.com\/de\/riz-au-lait-a-la-vanille-bourbon-de-madagascar\/\" aria-label=\"Mehr \u00fcber Milchreis mit Madagaskar Bourbon Vanille\" tabindex=\"-1\" >\n\t\t\tWeiterlesen \"\t\t<\/a>\n\n\t\t\t\t<\/div>\n\t\t\t\t\t<\/div>\n\t\t<\/article>\n\t\t\t\t<article class=\"elementor-post elementor-grid-item post-57923 post type-post status-publish format-standard has-post-thumbnail hentry category-herkunft-der-vanille\" role=\"listitem\">\n\t\t\t<div class=\"elementor-post__card\">\n\t\t\t\t<a class=\"elementor-post__thumbnail__link\" href=\"https:\/\/mondevanille.com\/de\/flaveurs-des-principales-origines-de-vanille\/\" tabindex=\"-1\" ><div class=\"elementor-post__thumbnail\"><img decoding=\"async\" width=\"2048\" height=\"2048\" src=\"https:\/\/mondevanille.com\/wp-content\/uploads\/2024\/08\/Fleur-de-Vanille-Gousse.webp\" class=\"attachment-full size-full wp-image-57912 wvs-archive-product-image\" alt=\"Vanillebl\u00fcte Vanilleschote\" srcset=\"https:\/\/mondevanille.com\/wp-content\/uploads\/2024\/08\/Fleur-de-Vanille-Gousse.webp 2048w, https:\/\/mondevanille.com\/wp-content\/uploads\/2024\/08\/Fleur-de-Vanille-Gousse-600x600.webp 600w, https:\/\/mondevanille.com\/wp-content\/uploads\/2024\/08\/Fleur-de-Vanille-Gousse-1024x1024.webp 1024w, https:\/\/mondevanille.com\/wp-content\/uploads\/2024\/08\/Fleur-de-Vanille-Gousse-150x150.webp 150w, https:\/\/mondevanille.com\/wp-content\/uploads\/2024\/08\/Fleur-de-Vanille-Gousse-768x768.webp 768w, https:\/\/mondevanille.com\/wp-content\/uploads\/2024\/08\/Fleur-de-Vanille-Gousse-1536x1536.webp 1536w, https:\/\/mondevanille.com\/wp-content\/uploads\/2024\/08\/Fleur-de-Vanille-Gousse-1000x1000.webp 1000w, https:\/\/mondevanille.com\/wp-content\/uploads\/2024\/08\/Fleur-de-Vanille-Gousse-100x100.webp 100w, https:\/\/mondevanille.com\/wp-content\/uploads\/2024\/08\/Fleur-de-Vanille-Gousse-50x50.webp 50w, https:\/\/mondevanille.com\/wp-content\/uploads\/2024\/08\/Fleur-de-Vanille-Gousse-64x64.webp 64w\" sizes=\"(max-width: 2048px) 100vw, 2048px\" \/><\/div><\/a>\n\t\t\t\t<div class=\"elementor-post__text\">\n\t\t\t\t<h3 class=\"elementor-post__title\">\n\t\t\t<a href=\"https:\/\/mondevanille.com\/de\/flaveurs-des-principales-origines-de-vanille\/\" >\n\t\t\t\tAROMEN DER WICHTIGSTEN VANILLEURSPR\u00dcNGE\t\t\t<\/a>\n\t\t<\/h3>\n\t\t\n\t\t<a class=\"elementor-post__read-more\" href=\"https:\/\/mondevanille.com\/de\/flaveurs-des-principales-origines-de-vanille\/\" aria-label=\"Mehr \u00fcber AROMEN DER WICHTIGSTEN VANILLEURSPR\u00dcNGE\" tabindex=\"-1\" >\n\t\t\tWeiterlesen \"\t\t<\/a>\n\n\t\t\t\t<\/div>\n\t\t\t\t\t<\/div>\n\t\t<\/article>\n\t\t\t\t<article class=\"elementor-post elementor-grid-item post-12046 post type-post status-publish format-standard has-post-thumbnail hentry category-herkunft-der-vanille\" role=\"listitem\">\n\t\t\t<div class=\"elementor-post__card\">\n\t\t\t\t<a class=\"elementor-post__thumbnail__link\" href=\"https:\/\/mondevanille.com\/de\/geschichte-und-expansion-der-vanille-in-der-welt\/\" tabindex=\"-1\" ><div class=\"elementor-post__thumbnail\"><img loading=\"lazy\" decoding=\"async\" width=\"720\" height=\"1176\" src=\"https:\/\/mondevanille.com\/wp-content\/uploads\/2022\/05\/young-albius.webp\" class=\"attachment-full size-full wp-image-8987 wvs-archive-product-image\" alt=\"Edmond Albius Junger Mann\" srcset=\"https:\/\/mondevanille.com\/wp-content\/uploads\/2022\/05\/young-albius.webp 720w, https:\/\/mondevanille.com\/wp-content\/uploads\/2022\/05\/young-albius-184x300.webp 184w, https:\/\/mondevanille.com\/wp-content\/uploads\/2022\/05\/young-albius-627x1024.webp 627w, https:\/\/mondevanille.com\/wp-content\/uploads\/2022\/05\/young-albius-59x96.webp 59w, https:\/\/mondevanille.com\/wp-content\/uploads\/2022\/05\/young-albius-26x42.webp 26w\" sizes=\"(max-width: 720px) 100vw, 720px\" \/><\/div><\/a>\n\t\t\t\t<div class=\"elementor-post__text\">\n\t\t\t\t<h3 class=\"elementor-post__title\">\n\t\t\t<a href=\"https:\/\/mondevanille.com\/de\/geschichte-und-expansion-der-vanille-in-der-welt\/\" >\n\t\t\t\tGeschichte und Ausbreitung der Vanille in der Welt\t\t\t<\/a>\n\t\t<\/h3>\n\t\t\n\t\t<a class=\"elementor-post__read-more\" href=\"https:\/\/mondevanille.com\/de\/geschichte-und-expansion-der-vanille-in-der-welt\/\" aria-label=\"Mehr \u00fcber Geschichte und Ausbreitung der Vanille in der Welt\" tabindex=\"-1\" >\n\t\t\tWeiterlesen \"\t\t<\/a>\n\n\t\t\t\t<\/div>\n\t\t\t\t\t<\/div>\n\t\t<\/article>\n\t\t\t\t<\/div>\n\t\t\n\t\t\t\t\t\t<\/div>\n\t\t\t\t<\/div>\n\t\t\t\t\t<\/div>\n\t\t<\/div>\n\t\t\t\t\t<\/div>\n\t\t<\/div>\n\t\t\t\t<\/div>\n\t\t","protected":false},"excerpt":{"rendered":"<p>Der bis zu f\u00fcnfzehn Meter lange Vanillebaum ist eine Kletterpflanze mit knorrigen, gr\u00fcnen, fleischigen, zylindrischen, sich verzweigenden St\u00e4ngeln. Sie haften durch Adventivwurzeln von 2 Millimetern Durchmesser an B\u00e4umen und verschiedenen St\u00fctzen. Der Haupttrieb hat einen Durchmesser von ein bis zwei Zentimetern.&nbsp; Als epiphytische Orchidee kann sie nur zwischen 10 und 20\u00b0 n\u00f6rdlicher und s\u00fcdlicher Breite und in einer H\u00f6he von<\/p>\n","protected":false},"author":3,"featured_media":16733,"comment_status":"closed","ping_status":"open","sticky":false,"template":"","format":"standard","meta":{"footnotes":""},"categories":[279],"tags":[],"class_list":["post-8515","post","type-post","status-publish","format-standard","has-post-thumbnail","hentry","category-herkunft-der-vanille"],"aioseo_notices":[],"_links":{"self":[{"href":"https:\/\/mondevanille.com\/de\/wp-json\/wp\/v2\/posts\/8515","targetHints":{"allow":["GET"]}}],"collection":[{"href":"https:\/\/mondevanille.com\/de\/wp-json\/wp\/v2\/posts"}],"about":[{"href":"https:\/\/mondevanille.com\/de\/wp-json\/wp\/v2\/types\/post"}],"author":[{"embeddable":true,"href":"https:\/\/mondevanille.com\/de\/wp-json\/wp\/v2\/users\/3"}],"replies":[{"embeddable":true,"href":"https:\/\/mondevanille.com\/de\/wp-json\/wp\/v2\/comments?post=8515"}],"version-history":[{"count":1,"href":"https:\/\/mondevanille.com\/de\/wp-json\/wp\/v2\/posts\/8515\/revisions"}],"predecessor-version":[{"id":65663,"href":"https:\/\/mondevanille.com\/de\/wp-json\/wp\/v2\/posts\/8515\/revisions\/65663"}],"wp:featuredmedia":[{"embeddable":true,"href":"https:\/\/mondevanille.com\/de\/wp-json\/wp\/v2\/media\/16733"}],"wp:attachment":[{"href":"https:\/\/mondevanille.com\/de\/wp-json\/wp\/v2\/media?parent=8515"}],"wp:term":[{"taxonomy":"category","embeddable":true,"href":"https:\/\/mondevanille.com\/de\/wp-json\/wp\/v2\/categories?post=8515"},{"taxonomy":"post_tag","embeddable":true,"href":"https:\/\/mondevanille.com\/de\/wp-json\/wp\/v2\/tags?post=8515"}],"curies":[{"name":"wp","href":"https:\/\/api.w.org\/{rel}","templated":true}]}}