{"id":12024,"date":"2022-05-13T15:25:40","date_gmt":"2022-05-13T13:25:40","guid":{"rendered":"http:\/\/mondevanille.com\/historia-y-desarrollo-de-la-vainilla-en-el-mundo\/"},"modified":"2026-04-21T16:26:28","modified_gmt":"2026-04-21T14:26:28","slug":"historia-y-expansion-de-la-vainilla-en-el-mundo","status":"publish","type":"post","link":"https:\/\/mondevanille.com\/es\/historia-y-expansion-de-la-vainilla-en-el-mundo\/","title":{"rendered":"Historia y expansi\u00f3n de la vainilla en el mundo"},"content":{"rendered":"\t\t<div data-elementor-type=\"wp-post\" data-elementor-id=\"12024\" class=\"elementor elementor-12024 elementor-8982\" data-elementor-post-type=\"post\">\n\t\t\t\t\t\t<div class=\"elementor-section elementor-top-section elementor-element elementor-element-43ea453 elementor-section-boxed elementor-section-height-default elementor-section-height-default\" data-id=\"43ea453\" data-element_type=\"section\" data-e-type=\"section\">\n\t\t\t\t\t\t<div class=\"elementor-container elementor-column-gap-default\">\n\t\t\t\t\t<div class=\"elementor-column elementor-col-50 elementor-top-column elementor-element elementor-element-cab3365\" data-id=\"cab3365\" data-element_type=\"column\" data-e-type=\"column\" data-settings=\"{&quot;background_background&quot;:&quot;classic&quot;}\">\n\t\t\t<div class=\"elementor-widget-wrap elementor-element-populated\">\n\t\t\t\t\t\t<div class=\"elementor-element elementor-element-be065e8 elementor-widget elementor-widget-heading\" data-id=\"be065e8\" data-element_type=\"widget\" data-e-type=\"widget\" data-widget_type=\"heading.default\">\n\t\t\t\t<div class=\"elementor-widget-container\">\n\t\t\t\t\t<h2 class=\"elementor-heading-title elementor-size-default\">Historia del descubrimiento y del origen de la vainilla<\/h2>\t\t\t\t<\/div>\n\t\t\t\t<\/div>\n\t\t\t\t<div class=\"elementor-element elementor-element-6bb1ce1 elementor-widget elementor-widget-text-editor\" data-id=\"6bb1ce1\" data-element_type=\"widget\" data-e-type=\"widget\" data-widget_type=\"text-editor.default\">\n\t\t\t\t<div class=\"elementor-widget-container\">\n\t\t\t\t\t\t\t\t\t<p>La vainilla es originaria de la Am\u00e9rica tropical<a href=\"https:\/\/mondevanille.com\/es\/producto\/vainilla-de-mexico\/\">(M\u00e9xico<\/a>), pero fue el descubrimiento del Nuevo Mundo por los conquistadores lo que la trajo a Europa.<\/p><p>Los mexicanos utilizaban <a href=\"https:\/\/mondevanille.com\/es\/producto\/vainilla-de-mexico\/\">la vainilla<\/a> desde hac\u00eda mucho tiempo y la llamaban con el nombre azteca de<strong>\u00abTlilxochill<\/strong>\u00bb o \u00abFrijol Negro\u00bb.<\/p><p><a href=\"https:\/\/fr.wikipedia.org\/wiki\/Hern%C3%A1n_Cort%C3%A9s\" target=\"_blank\" rel=\"noopener\">\n  <span style=\"text-decoration: underline;\">Hernando Cortez<\/span>\n<\/a>el Conquistador de M\u00e9xico fue invitado por<span style=\"text-decoration: underline;\">\n  <a href=\"https:\/\/fr.wikipedia.org\/wiki\/Moctezuma_II\" target=\"_blank\" rel=\"noopener\"> Emperador Moctezuma<\/a>\n<\/span> para degustar el chocolate aromatizado con vainilla en copas doradas. <a href=\"https:\/\/mondevanille.com\/es\/producto\/vainilla-de-mexico\/\">\n  <strong>vainilla<\/strong>\n<\/a>. Probablemente fue el primer europeo que prob\u00f3 esta hierba.<\/p><p>A pesar del cuidado que pusieron los aztecas en ocultar el secreto de la aromatizaci\u00f3n, los conquistadores lo descubrieron y en 1510 la vainilla ya se importaba a Espa\u00f1a. <a href=\"https:\/\/mondevanille.com\/es\/producto\/vainilla-de-mexico\/\"><strong>vainilla<\/strong> <\/a>A partir de 1604, se import\u00f3 a Francia, donde se utilizaba habitualmente en la preparaci\u00f3n de caf\u00e9 y chocolate.<\/p>\t\t\t\t\t\t\t\t<\/div>\n\t\t\t\t<\/div>\n\t\t\t\t\t<\/div>\n\t\t<\/div>\n\t\t\t\t<div class=\"elementor-column elementor-col-50 elementor-top-column elementor-element elementor-element-82a4ce1\" data-id=\"82a4ce1\" data-element_type=\"column\" data-e-type=\"column\" data-settings=\"{&quot;background_background&quot;:&quot;classic&quot;}\">\n\t\t\t<div class=\"elementor-widget-wrap elementor-element-populated\">\n\t\t\t\t\t\t<div class=\"elementor-element elementor-element-31ad1b9 elementor-widget elementor-widget-spacer\" data-id=\"31ad1b9\" data-element_type=\"widget\" data-e-type=\"widget\" data-widget_type=\"spacer.default\">\n\t\t\t\t<div class=\"elementor-widget-container\">\n\t\t\t\t\t\t\t<div class=\"elementor-spacer\">\n\t\t\t<div class=\"elementor-spacer-inner\"><\/div>\n\t\t<\/div>\n\t\t\t\t\t\t<\/div>\n\t\t\t\t<\/div>\n\t\t\t\t\t<\/div>\n\t\t<\/div>\n\t\t\t\t\t<\/div>\n\t\t<\/div>\n\t\t\t\t<div class=\"elementor-section elementor-top-section elementor-element elementor-element-b1476df elementor-reverse-mobile_extra elementor-reverse-mobile elementor-section-boxed elementor-section-height-default elementor-section-height-default\" data-id=\"b1476df\" data-element_type=\"section\" data-e-type=\"section\">\n\t\t\t\t\t\t<div class=\"elementor-container elementor-column-gap-default\">\n\t\t\t\t\t<div class=\"elementor-column elementor-col-50 elementor-top-column elementor-element elementor-element-d28b11c\" data-id=\"d28b11c\" data-element_type=\"column\" data-e-type=\"column\" data-settings=\"{&quot;background_background&quot;:&quot;classic&quot;}\">\n\t\t\t<div class=\"elementor-widget-wrap elementor-element-populated\">\n\t\t\t\t\t\t<div class=\"elementor-element elementor-element-83347bd elementor-widget elementor-widget-spacer\" data-id=\"83347bd\" data-element_type=\"widget\" data-e-type=\"widget\" data-widget_type=\"spacer.default\">\n\t\t\t\t<div class=\"elementor-widget-container\">\n\t\t\t\t\t\t\t<div class=\"elementor-spacer\">\n\t\t\t<div class=\"elementor-spacer-inner\"><\/div>\n\t\t<\/div>\n\t\t\t\t\t\t<\/div>\n\t\t\t\t<\/div>\n\t\t\t\t\t<\/div>\n\t\t<\/div>\n\t\t\t\t<div class=\"elementor-column elementor-col-50 elementor-top-column elementor-element elementor-element-e50a4d0\" data-id=\"e50a4d0\" data-element_type=\"column\" data-e-type=\"column\" data-settings=\"{&quot;background_background&quot;:&quot;classic&quot;}\">\n\t\t\t<div class=\"elementor-widget-wrap elementor-element-populated\">\n\t\t\t\t\t\t<div class=\"elementor-element elementor-element-a3355a2 elementor-widget elementor-widget-heading\" data-id=\"a3355a2\" data-element_type=\"widget\" data-e-type=\"widget\" data-widget_type=\"heading.default\">\n\t\t\t\t<div class=\"elementor-widget-container\">\n\t\t\t\t\t<h2 class=\"elementor-heading-title elementor-size-default\">Expansi\u00f3n del cultivo de vainilla <br><\/h2>\t\t\t\t<\/div>\n\t\t\t\t<\/div>\n\t\t\t\t<div class=\"elementor-element elementor-element-0cec165 elementor-widget elementor-widget-text-editor\" data-id=\"0cec165\" data-element_type=\"widget\" data-e-type=\"widget\" data-widget_type=\"text-editor.default\">\n\t\t\t\t<div class=\"elementor-widget-container\">\n\t\t\t\t\t\t\t\t\t<p>A principios del siglo XIX, se enviaron plantas a <strong>Java<\/strong> y luego a <strong> <a href=\"https:\/\/mondevanille.com\/es\/producto\/isla-de-la-reunion\/\">Reuni\u00f3n<\/a><\/strong> y <strong>Mauricio<\/strong> para intentar cultivar la preciada vainilla, pero a falta de polinizaci\u00f3n natural por <span style=\"text-decoration: underline;\">\n  <a href=\"https:\/\/fr.wikipedia.org\/wiki\/Melipona\" target=\"_blank\" rel=\"noopener\">un insecto de M\u00e9xico<\/a>\n<\/span>Sin embargo, debido a la falta de polinizaci\u00f3n natural, el cultivo result\u00f3 imposible en estas islas.<\/p><p>La primera polinizaci\u00f3n artificial del \u00e1rbol de la vainilla se llev\u00f3 a cabo en 1836 en el jard\u00edn bot\u00e1nico de Lieja por <a href=\"https:\/\/fr.wikipedia.org\/wiki\/Charles_Fran%C3%A7ois_Antoine_Morren\" target=\"_blank\" rel=\"noopener\">\n  <span style=\"text-decoration: underline;\">Charles Morren<\/span>\n<\/a>La primera polinizaci\u00f3n artificial de la Vainilla fue realizada en 1836 en el jard\u00edn bot\u00e1nico de Lieja por Charles Morren, luego en 1837 por el franc\u00e9s Neumann, pero fue en 1841 cuando un joven esclavo <span style=\"text-decoration: underline;\">,<a href=\"https:\/\/fr.wikipedia.org\/wiki\/Edmond_Albius\">Edmond Albius<\/a><\/span>, ide\u00f3 el proceso que se sigue utilizando hoy en d\u00eda. <\/p><p>En 1848 se empez\u00f3 a cultivar en<a href=\"https:\/\/mondevanille.com\/es\/producto\/isla-de-la-reunion\/\">la Isla de la Reuni\u00f3n<\/a> (entonces conocida como <strong>Isla Borb\u00f3n<\/strong> ), en las Seychelles en 1866, en <a href=\"https:\/\/mondevanille.com\/es\/producto\/vainilla-de-madagascar\/\">Madagascar<\/a> en 1871, en las <a href=\"https:\/\/mondevanille.com\/es\/producto\/vainilla-de-las-comoras\/\">Comoras<\/a> en 1891, en <a href=\"https:\/\/mondevanille.com\/es\/producto\/tahiti-vainilla\/\">Tahit\u00ed<\/a> en 1898, en Uganda y en Ceil\u00e1n en 1912.<\/p>\t\t\t\t\t\t\t\t<\/div>\n\t\t\t\t<\/div>\n\t\t\t\t\t<\/div>\n\t\t<\/div>\n\t\t\t\t\t<\/div>\n\t\t<\/div>\n\t\t\t\t<div class=\"elementor-section elementor-top-section elementor-element elementor-element-95fa84c elementor-section-boxed elementor-section-height-default elementor-section-height-default\" data-id=\"95fa84c\" data-element_type=\"section\" data-e-type=\"section\">\n\t\t\t\t\t\t<div class=\"elementor-container elementor-column-gap-default\">\n\t\t\t\t\t<div class=\"elementor-column elementor-col-100 elementor-top-column elementor-element elementor-element-d1e3fb3\" data-id=\"d1e3fb3\" data-element_type=\"column\" data-e-type=\"column\">\n\t\t\t<div class=\"elementor-widget-wrap elementor-element-populated\">\n\t\t\t\t\t\t<div class=\"elementor-element elementor-element-c524208 elementor-widget-divider--view-line elementor-widget elementor-widget-divider\" data-id=\"c524208\" data-element_type=\"widget\" data-e-type=\"widget\" data-widget_type=\"divider.default\">\n\t\t\t\t<div class=\"elementor-widget-container\">\n\t\t\t\t\t\t\t<div class=\"elementor-divider\">\n\t\t\t<span class=\"elementor-divider-separator\">\n\t\t\t\t\t\t<\/span>\n\t\t<\/div>\n\t\t\t\t\t\t<\/div>\n\t\t\t\t<\/div>\n\t\t\t\t<div class=\"elementor-element elementor-element-d50ee30 elementor-widget elementor-widget-heading\" data-id=\"d50ee30\" data-element_type=\"widget\" data-e-type=\"widget\" data-widget_type=\"heading.default\">\n\t\t\t\t<div class=\"elementor-widget-container\">\n\t\t\t\t\t<h2 class=\"elementor-heading-title elementor-size-default\">Para m\u00e1s informaci\u00f3n sobre la Vainilla<\/h2>\t\t\t\t<\/div>\n\t\t\t\t<\/div>\n\t\t\t\t<div class=\"elementor-element elementor-element-7a1aa07 elementor-grid-3 elementor-grid-tablet-2 elementor-grid-mobile-1 elementor-posts--thumbnail-top elementor-card-shadow-yes elementor-posts__hover-gradient elementor-widget elementor-widget-posts\" data-id=\"7a1aa07\" data-element_type=\"widget\" data-e-type=\"widget\" data-settings=\"{&quot;cards_columns&quot;:&quot;3&quot;,&quot;cards_columns_tablet&quot;:&quot;2&quot;,&quot;cards_columns_mobile&quot;:&quot;1&quot;,&quot;cards_row_gap&quot;:{&quot;unit&quot;:&quot;px&quot;,&quot;size&quot;:35,&quot;sizes&quot;:[]},&quot;cards_row_gap_laptop&quot;:{&quot;unit&quot;:&quot;px&quot;,&quot;size&quot;:&quot;&quot;,&quot;sizes&quot;:[]},&quot;cards_row_gap_tablet&quot;:{&quot;unit&quot;:&quot;px&quot;,&quot;size&quot;:&quot;&quot;,&quot;sizes&quot;:[]},&quot;cards_row_gap_mobile_extra&quot;:{&quot;unit&quot;:&quot;px&quot;,&quot;size&quot;:&quot;&quot;,&quot;sizes&quot;:[]},&quot;cards_row_gap_mobile&quot;:{&quot;unit&quot;:&quot;px&quot;,&quot;size&quot;:&quot;&quot;,&quot;sizes&quot;:[]}}\" data-widget_type=\"posts.cards\">\n\t\t\t\t<div class=\"elementor-widget-container\">\n\t\t\t\t\t\t\t<div class=\"elementor-posts-container elementor-posts elementor-posts--skin-cards elementor-grid\" role=\"list\">\n\t\t\t\t<article class=\"elementor-post elementor-grid-item post-62880 post type-post status-publish format-standard has-post-thumbnail hentry category-receta-de-cocina tag-receta-de-vainilla\" role=\"listitem\">\n\t\t\t<div class=\"elementor-post__card\">\n\t\t\t\t<a class=\"elementor-post__thumbnail__link\" href=\"https:\/\/mondevanille.com\/es\/poulet-a-la-vanille-bourbon-de-madagascar-recette-malgache\/\" tabindex=\"-1\" ><div class=\"elementor-post__thumbnail\"><img fetchpriority=\"high\" decoding=\"async\" width=\"1023\" height=\"1364\" src=\"https:\/\/mondevanille.com\/wp-content\/uploads\/2025\/09\/Poulet-a-la-vanille.webp\" class=\"attachment-full size-full wp-image-62872 wvs-archive-product-image\" alt=\"Pollo a la vainilla\" \/><\/div><\/a>\n\t\t\t\t<div class=\"elementor-post__text\">\n\t\t\t\t<h3 class=\"elementor-post__title\">\n\t\t\t<a href=\"https:\/\/mondevanille.com\/es\/poulet-a-la-vanille-bourbon-de-madagascar-recette-malgache\/\" >\n\t\t\t\tPollo con vainilla Bourbon de Madagascar (receta malgache)\t\t\t<\/a>\n\t\t<\/h3>\n\t\t\n\t\t<a class=\"elementor-post__read-more\" href=\"https:\/\/mondevanille.com\/es\/poulet-a-la-vanille-bourbon-de-madagascar-recette-malgache\/\" aria-label=\"M\u00e1s informaci\u00f3n sobre Pollo con vainilla Bourbon de Madagascar (receta malgache)\" tabindex=\"-1\" >\n\t\t\tLeer m\u00e1s \"\t\t<\/a>\n\n\t\t\t\t<\/div>\n\t\t\t\t\t<\/div>\n\t\t<\/article>\n\t\t\t\t<article class=\"elementor-post elementor-grid-item post-12024 post type-post status-publish format-standard has-post-thumbnail hentry category-origenes-de-la-vainilla\" role=\"listitem\">\n\t\t\t<div class=\"elementor-post__card\">\n\t\t\t\t<a class=\"elementor-post__thumbnail__link\" href=\"https:\/\/mondevanille.com\/es\/historia-y-expansion-de-la-vainilla-en-el-mundo\/\" tabindex=\"-1\" ><div class=\"elementor-post__thumbnail\"><img decoding=\"async\" width=\"720\" height=\"1176\" src=\"https:\/\/mondevanille.com\/wp-content\/uploads\/2022\/05\/young-albius.webp\" class=\"attachment-full size-full wp-image-8989 wvs-archive-product-image\" alt=\"Edmond Albius Jeune\" srcset=\"https:\/\/mondevanille.com\/wp-content\/uploads\/2022\/05\/young-albius.webp 720w, https:\/\/mondevanille.com\/wp-content\/uploads\/2022\/05\/young-albius-184x300.webp 184w, https:\/\/mondevanille.com\/wp-content\/uploads\/2022\/05\/young-albius-627x1024.webp 627w, https:\/\/mondevanille.com\/wp-content\/uploads\/2022\/05\/young-albius-59x96.webp 59w, https:\/\/mondevanille.com\/wp-content\/uploads\/2022\/05\/young-albius-26x42.webp 26w\" sizes=\"(max-width: 720px) 100vw, 720px\" \/><\/div><\/a>\n\t\t\t\t<div class=\"elementor-post__text\">\n\t\t\t\t<h3 class=\"elementor-post__title\">\n\t\t\t<a href=\"https:\/\/mondevanille.com\/es\/historia-y-expansion-de-la-vainilla-en-el-mundo\/\" >\n\t\t\t\tHistoria y expansi\u00f3n de la vainilla en el mundo\t\t\t<\/a>\n\t\t<\/h3>\n\t\t\n\t\t<a class=\"elementor-post__read-more\" href=\"https:\/\/mondevanille.com\/es\/historia-y-expansion-de-la-vainilla-en-el-mundo\/\" aria-label=\"M\u00e1s informaci\u00f3n sobre Historia y expansi\u00f3n de la vainilla en el mundo\" tabindex=\"-1\" >\n\t\t\tLeer m\u00e1s \"\t\t<\/a>\n\n\t\t\t\t<\/div>\n\t\t\t\t\t<\/div>\n\t\t<\/article>\n\t\t\t\t<article class=\"elementor-post elementor-grid-item post-65073 post type-post status-publish format-standard has-post-thumbnail hentry category-receta-de-cocina category-sin-categorizar tag-receta-de-vainilla\" role=\"listitem\">\n\t\t\t<div class=\"elementor-post__card\">\n\t\t\t\t<a class=\"elementor-post__thumbnail__link\" href=\"https:\/\/mondevanille.com\/es\/recette-simple-et-classique-br-de-la-creme-aux-oeufs-a-la-vanille\/\" tabindex=\"-1\" ><div class=\"elementor-post__thumbnail\"><img decoding=\"async\" width=\"2048\" height=\"1536\" src=\"https:\/\/mondevanille.com\/wp-content\/uploads\/2021\/02\/IMG_0377.jpg\" class=\"attachment-full size-full wp-image-6307 wvs-archive-product-image\" alt=\"Le Monde de la Vanille Crema de huevo a la vainilla de Tahit\u00ed\" \/><\/div><\/a>\n\t\t\t\t<div class=\"elementor-post__text\">\n\t\t\t\t<h3 class=\"elementor-post__title\">\n\t\t\t<a href=\"https:\/\/mondevanille.com\/es\/recette-simple-et-classique-br-de-la-creme-aux-oeufs-a-la-vanille\/\" >\n\t\t\t\tReceta sencilla y cl\u00e1sica <br> de crema de huevo con vainilla\t\t\t<\/a>\n\t\t<\/h3>\n\t\t\n\t\t<a class=\"elementor-post__read-more\" href=\"https:\/\/mondevanille.com\/es\/recette-simple-et-classique-br-de-la-creme-aux-oeufs-a-la-vanille\/\" aria-label=\"M\u00e1s informaci\u00f3n sobre Receta sencilla y cl\u00e1sica &lt;br&gt; de crema de huevo con vainilla\" tabindex=\"-1\" >\n\t\t\tLeer m\u00e1s \"\t\t<\/a>\n\n\t\t\t\t<\/div>\n\t\t\t\t\t<\/div>\n\t\t<\/article>\n\t\t\t\t<\/div>\n\t\t\n\t\t\t\t\t\t<\/div>\n\t\t\t\t<\/div>\n\t\t\t\t\t<\/div>\n\t\t<\/div>\n\t\t\t\t\t<\/div>\n\t\t<\/div>\n\t\t\t\t<\/div>\n\t\t","protected":false},"excerpt":{"rendered":"<p>Historia del descubrimiento y del origen de la vainilla La vainilla es originaria de la Am\u00e9rica tropical(M\u00e9xico), pero fue el descubrimiento del Nuevo Mundo por los conquistadores lo que la trajo a Europa. Los mexicanos utilizaban la vainilla desde hac\u00eda mucho tiempo y la llamaban con el nombre azteca de\u00abTlilxochill\u00bb o \u00abFrijol Negro\u00bb. Hernando Cortez el Conquistador de M\u00e9xico fue<\/p>\n","protected":false},"author":3,"featured_media":8989,"comment_status":"closed","ping_status":"open","sticky":false,"template":"","format":"standard","meta":{"footnotes":""},"categories":[283],"tags":[],"class_list":["post-12024","post","type-post","status-publish","format-standard","has-post-thumbnail","hentry","category-origenes-de-la-vainilla"],"aioseo_notices":[],"_links":{"self":[{"href":"https:\/\/mondevanille.com\/es\/wp-json\/wp\/v2\/posts\/12024","targetHints":{"allow":["GET"]}}],"collection":[{"href":"https:\/\/mondevanille.com\/es\/wp-json\/wp\/v2\/posts"}],"about":[{"href":"https:\/\/mondevanille.com\/es\/wp-json\/wp\/v2\/types\/post"}],"author":[{"embeddable":true,"href":"https:\/\/mondevanille.com\/es\/wp-json\/wp\/v2\/users\/3"}],"replies":[{"embeddable":true,"href":"https:\/\/mondevanille.com\/es\/wp-json\/wp\/v2\/comments?post=12024"}],"version-history":[{"count":1,"href":"https:\/\/mondevanille.com\/es\/wp-json\/wp\/v2\/posts\/12024\/revisions"}],"predecessor-version":[{"id":65673,"href":"https:\/\/mondevanille.com\/es\/wp-json\/wp\/v2\/posts\/12024\/revisions\/65673"}],"wp:featuredmedia":[{"embeddable":true,"href":"https:\/\/mondevanille.com\/es\/wp-json\/wp\/v2\/media\/8989"}],"wp:attachment":[{"href":"https:\/\/mondevanille.com\/es\/wp-json\/wp\/v2\/media?parent=12024"}],"wp:term":[{"taxonomy":"category","embeddable":true,"href":"https:\/\/mondevanille.com\/es\/wp-json\/wp\/v2\/categories?post=12024"},{"taxonomy":"post_tag","embeddable":true,"href":"https:\/\/mondevanille.com\/es\/wp-json\/wp\/v2\/tags?post=12024"}],"curies":[{"name":"wp","href":"https:\/\/api.w.org\/{rel}","templated":true}]}}