{"id":12005,"date":"2022-05-09T16:10:01","date_gmt":"2022-05-09T14:10:01","guid":{"rendered":"http:\/\/mondevanille.com\/quale-vaniglia-scegliere\/"},"modified":"2024-10-14T15:21:49","modified_gmt":"2024-10-14T13:21:49","slug":"quale-vaniglia-scelta","status":"publish","type":"post","link":"https:\/\/mondevanille.com\/it\/quale-vaniglia-scelta\/","title":{"rendered":"Quale vaniglia scegliere?"},"content":{"rendered":"\t\t<div data-elementor-type=\"wp-post\" data-elementor-id=\"12005\" class=\"elementor elementor-12005 elementor-8594\" data-elementor-post-type=\"post\">\n\t\t\t\t\t\t<div class=\"elementor-section elementor-top-section elementor-element elementor-element-4d61b39 elementor-section-boxed elementor-section-height-default elementor-section-height-default\" data-id=\"4d61b39\" data-element_type=\"section\" data-e-type=\"section\">\n\t\t\t\t\t\t<div class=\"elementor-container elementor-column-gap-default\">\n\t\t\t\t\t<div class=\"elementor-column elementor-col-100 elementor-top-column elementor-element elementor-element-ff2fe3e\" data-id=\"ff2fe3e\" data-element_type=\"column\" data-e-type=\"column\">\n\t\t\t<div class=\"elementor-widget-wrap elementor-element-populated\">\n\t\t\t\t\t\t<div class=\"elementor-element elementor-element-4edf0df elementor-widget elementor-widget-text-editor\" data-id=\"4edf0df\" data-element_type=\"widget\" data-e-type=\"widget\" data-widget_type=\"text-editor.default\">\n\t\t\t\t<div class=\"elementor-widget-container\">\n\t\t\t\t\t\t\t\t\t<p>Se<a href=\"https:\/\/fr.wikipedia.org\/wiki\/Vanilline\"><br \/>\n  <strong> vanillina<\/strong><br \/>\n<\/a> gioca un ruolo importante nella nostra percezione della vaniglia, \u00e8 tuttavia solo la nota dominante e quella pi\u00f9 facilmente percepibile dai nostri nasi profani.<\/p>\n<p><strong>Le condizioni di coltivazione, i parametri climatici, i metodi di preparazione, il periodo di raccolta, la vaniglia \u00e8 un prodotto naturale che pu\u00f2 presentare differenze significative tra la vaniglia della stessa fonte.  <\/strong><\/p>\n<p>Come per la maggior parte delle <strong>piante aromatiche<\/strong>, l&#8217;originalit\u00e0 dell&#8217;aroma risiede nella sottile combinazione di note dominanti e note secondarie, che a volte sono pi\u00f9 delicate e servono a esaltare il carattere dominante della nota principale.<\/p>\n<p>Come<strong> un profumo o un vino<\/strong> con le sue note di testa, di fondo e di cuore, la vaniglia, o vaniglia che dir si voglia, \u00e8 pi\u00f9 complessa di quanto il solo nome possa far pensare.  <\/p>\n<p>La presenza di <strong>brina<\/strong> (assente nella vaniglia di Tahiti) \u00e8 un ulteriore segno di qualit\u00e0, \u00e8 <strong>la cristallizzazione della vanillina<\/strong>. Questi cristalli non devono essere rimossi per non perdere parte dell&#8217;aroma. Si raccomanda anche l&#8217;uso del baccello intero, poich\u00e9 il potere aromatico della vaniglia non si limita ai semi neri all&#8217;interno del baccello, ma all&#8217;intero baccello (compreso l&#8217;epicarpo).<\/p>\n\t\t\t\t\t\t\t\t<\/div>\n\t\t\t\t<\/div>\n\t\t\t\t\t<\/div>\n\t\t<\/div>\n\t\t\t\t\t<\/div>\n\t\t<\/div>\n\t\t\t\t<div class=\"elementor-section elementor-top-section elementor-element elementor-element-0f68f7c elementor-section-boxed elementor-section-height-default elementor-section-height-default\" data-id=\"0f68f7c\" data-element_type=\"section\" data-e-type=\"section\">\n\t\t\t\t\t\t<div class=\"elementor-container elementor-column-gap-default\">\n\t\t\t\t\t<div class=\"elementor-column elementor-col-100 elementor-top-column elementor-element elementor-element-6fc3ddd\" data-id=\"6fc3ddd\" data-element_type=\"column\" data-e-type=\"column\">\n\t\t\t<div class=\"elementor-widget-wrap elementor-element-populated\">\n\t\t\t\t\t\t<div class=\"elementor-section elementor-inner-section elementor-element elementor-element-a6e0062 elementor-section-boxed elementor-section-height-default elementor-section-height-default\" data-id=\"a6e0062\" data-element_type=\"section\" data-e-type=\"section\">\n\t\t\t\t\t\t<div class=\"elementor-container elementor-column-gap-default\">\n\t\t\t\t\t<div class=\"elementor-column elementor-col-50 elementor-inner-column elementor-element elementor-element-e0fd0c2\" data-id=\"e0fd0c2\" data-element_type=\"column\" data-e-type=\"column\" data-settings=\"{&quot;background_background&quot;:&quot;classic&quot;}\">\n\t\t\t<div class=\"elementor-widget-wrap elementor-element-populated\">\n\t\t\t\t\t\t<div class=\"elementor-element elementor-element-7a07713 elementor-widget elementor-widget-heading\" data-id=\"7a07713\" data-element_type=\"widget\" data-e-type=\"widget\" data-widget_type=\"heading.default\">\n\t\t\t\t<div class=\"elementor-widget-container\">\n\t\t\t\t\t<h2 class=\"elementor-heading-title elementor-size-default\">Madagascar, il riferimento assoluto (Oceano Indiano)<\/h2>\t\t\t\t<\/div>\n\t\t\t\t<\/div>\n\t\t\t\t<div class=\"elementor-element elementor-element-a06c80a elementor-widget elementor-widget-text-editor\" data-id=\"a06c80a\" data-element_type=\"widget\" data-e-type=\"widget\" data-widget_type=\"text-editor.default\">\n\t\t\t\t<div class=\"elementor-widget-container\">\n\t\t\t\t\t\t\t\t\t<p><em><br \/>\n  <strong>Origine <\/strong><br \/>\n<\/em>Madagascar <em>(<\/em> costa orientale, regione SAVA, acronimo delle citt\u00e0 di Sambava, Voh\u00e9mar e Antalaha rispettivamente). Una vaniglia scura, grassa e morbida con aromi delicati e floreali, che sviluppa note calde di cacao a seconda del lotto. \u00c8 la vaniglia di riferimento nella mente di tutti, quella che conosciamo quando scopriamo questa spezia, ed \u00e8 anche la pi\u00f9 utilizzata al mondo, con una produzione globale di quasi l&#8217;80%. I baccelli sono lunghi da 12 a 20\/22 cm e larghi da 3 a 8 mm, con un peso medio di 3-5 g. La produzione 2020 \u00e8 stimata a 2000 tonnellate, 2200 tonnellate per il 2021.<\/p>\n<p><em><br \/>\n  <strong>Applicazioni consigliate<\/strong><br \/>\n<\/em> Pasticceria<em>,<\/em> gelati, dessert, t\u00e8 (infusi), carni bianche e pesce.<\/p>\n\t\t\t\t\t\t\t\t<\/div>\n\t\t\t\t<\/div>\n\t\t\t\t<div class=\"elementor-element elementor-element-d16a8bd elementor-align-center elementor-widget elementor-widget-button\" data-id=\"d16a8bd\" data-element_type=\"widget\" data-e-type=\"widget\" data-widget_type=\"button.default\">\n\t\t\t\t<div class=\"elementor-widget-container\">\n\t\t\t\t\t\t\t\t\t<div class=\"elementor-button-wrapper\">\n\t\t\t\t\t<a class=\"elementor-button elementor-button-link elementor-size-lg\" href=\"https:\/\/mondevanille.com\/it\/prodotto\/vaniglia-del-madagascar\/\">\n\t\t\t\t\t\t<span class=\"elementor-button-content-wrapper\">\n\t\t\t\t\t\t<span class=\"elementor-button-icon\">\n\t\t\t\t<i aria-hidden=\"true\" class=\"novaicon shopping_bag-09\"><\/i>\t\t\t<\/span>\n\t\t\t\t\t\t\t\t\t<span class=\"elementor-button-text\">la nostra selezione<\/span>\n\t\t\t\t\t<\/span>\n\t\t\t\t\t<\/a>\n\t\t\t\t<\/div>\n\t\t\t\t\t\t\t\t<\/div>\n\t\t\t\t<\/div>\n\t\t\t\t\t<\/div>\n\t\t<\/div>\n\t\t\t\t<div class=\"elementor-column elementor-col-50 elementor-inner-column elementor-element elementor-element-67eb178\" data-id=\"67eb178\" data-element_type=\"column\" data-e-type=\"column\">\n\t\t\t<div class=\"elementor-widget-wrap elementor-element-populated\">\n\t\t\t\t\t\t<div class=\"elementor-element elementor-element-e8fd025 elementor-widget elementor-widget-image\" data-id=\"e8fd025\" data-element_type=\"widget\" data-e-type=\"widget\" data-widget_type=\"image.default\">\n\t\t\t\t<div class=\"elementor-widget-container\">\n\t\t\t\t\t\t\t\t\t\t\t\t\t\t\t\t<a href=\"\/produit\/vanille-de-madagascar\/\">\n\t\t\t\t\t\t\t<img fetchpriority=\"high\" decoding=\"async\" width=\"1000\" height=\"1414\" src=\"https:\/\/mondevanille.com\/wp-content\/uploads\/2022\/05\/Madagascar-1.png\" class=\"attachment-full size-full wp-image-15291 wvs-archive-product-image\" alt=\"\" srcset=\"https:\/\/mondevanille.com\/wp-content\/uploads\/2022\/05\/Madagascar-1.png 1000w, https:\/\/mondevanille.com\/wp-content\/uploads\/2022\/05\/Madagascar-1-212x300.png 212w, https:\/\/mondevanille.com\/wp-content\/uploads\/2022\/05\/Madagascar-1-724x1024.png 724w, https:\/\/mondevanille.com\/wp-content\/uploads\/2022\/05\/Madagascar-1-768x1086.png 768w\" sizes=\"(max-width: 1000px) 100vw, 1000px\" \/>\t\t\t\t\t\t\t\t<\/a>\n\t\t\t\t\t\t\t\t\t\t\t\t\t\t\t<\/div>\n\t\t\t\t<\/div>\n\t\t\t\t\t<\/div>\n\t\t<\/div>\n\t\t\t\t\t<\/div>\n\t\t<\/div>\n\t\t\t\t<div class=\"elementor-section elementor-inner-section elementor-element elementor-element-7e00b09 elementor-section-boxed elementor-section-height-default elementor-section-height-default\" data-id=\"7e00b09\" data-element_type=\"section\" data-e-type=\"section\">\n\t\t\t\t\t\t<div class=\"elementor-container elementor-column-gap-default\">\n\t\t\t\t\t<div class=\"elementor-column elementor-col-100 elementor-inner-column elementor-element elementor-element-3dacf85\" data-id=\"3dacf85\" data-element_type=\"column\" data-e-type=\"column\">\n\t\t\t<div class=\"elementor-widget-wrap elementor-element-populated\">\n\t\t\t\t\t\t<div class=\"elementor-element elementor-element-c0f2ee9 elementor-widget elementor-widget-text-editor\" data-id=\"c0f2ee9\" data-element_type=\"widget\" data-e-type=\"widget\" data-widget_type=\"text-editor.default\">\n\t\t\t\t<div class=\"elementor-widget-container\">\n\t\t\t\t\t\t\t\t\t<p><strong>La nostra opinione :  <\/strong><\/p>\n<p>Rimane la vaniglia di riferimento e preferita, nonostante il nome a volte abusato (troppi fagioli secchi venduti in massa nei supermercati). Differenze aromatiche significative tra Madagascar, Comore e Isola della Riunione, tutte e tre beneficiano della denominazione &#8220;Bourbon&#8221;. Produzione stabile negli ultimi anni, con scarso riporto di scorte da un anno all&#8217;altro. La crisi del 2017, con i prezzi che si avvicinano ai 500 euro, sembra aver lasciato il segno nella mente dei consumatori che considerano il prodotto troppo costoso.<\/p>\n\t\t\t\t\t\t\t\t<\/div>\n\t\t\t\t<\/div>\n\t\t\t\t<div class=\"elementor-element elementor-element-373394d elementor-widget-divider--view-line elementor-widget elementor-widget-divider\" data-id=\"373394d\" data-element_type=\"widget\" data-e-type=\"widget\" data-widget_type=\"divider.default\">\n\t\t\t\t<div class=\"elementor-widget-container\">\n\t\t\t\t\t\t\t<div class=\"elementor-divider\">\n\t\t\t<span class=\"elementor-divider-separator\">\n\t\t\t\t\t\t<\/span>\n\t\t<\/div>\n\t\t\t\t\t\t<\/div>\n\t\t\t\t<\/div>\n\t\t\t\t\t<\/div>\n\t\t<\/div>\n\t\t\t\t\t<\/div>\n\t\t<\/div>\n\t\t\t\t<div class=\"elementor-section elementor-inner-section elementor-element elementor-element-95751aa elementor-reverse-mobile elementor-section-boxed elementor-section-height-default elementor-section-height-default\" data-id=\"95751aa\" data-element_type=\"section\" data-e-type=\"section\">\n\t\t\t\t\t\t<div class=\"elementor-container elementor-column-gap-default\">\n\t\t\t\t\t<div class=\"elementor-column elementor-col-50 elementor-inner-column elementor-element elementor-element-66cb10b\" data-id=\"66cb10b\" data-element_type=\"column\" data-e-type=\"column\">\n\t\t\t<div class=\"elementor-widget-wrap elementor-element-populated\">\n\t\t\t\t\t\t<div class=\"elementor-element elementor-element-9f2424b elementor-widget elementor-widget-image\" data-id=\"9f2424b\" data-element_type=\"widget\" data-e-type=\"widget\" data-widget_type=\"image.default\">\n\t\t\t\t<div class=\"elementor-widget-container\">\n\t\t\t\t\t\t\t\t\t\t\t\t\t\t\t\t<a href=\"\/produit\/vanille-du-mexique\/\">\n\t\t\t\t\t\t\t<img decoding=\"async\" width=\"1000\" height=\"1414\" src=\"https:\/\/mondevanille.com\/wp-content\/uploads\/2022\/05\/Mexique-4.png\" class=\"attachment-full size-full wp-image-15296 wvs-archive-product-image\" alt=\"\" srcset=\"https:\/\/mondevanille.com\/wp-content\/uploads\/2022\/05\/Mexique-4.png 1000w, https:\/\/mondevanille.com\/wp-content\/uploads\/2022\/05\/Mexique-4-212x300.png 212w, https:\/\/mondevanille.com\/wp-content\/uploads\/2022\/05\/Mexique-4-724x1024.png 724w, https:\/\/mondevanille.com\/wp-content\/uploads\/2022\/05\/Mexique-4-768x1086.png 768w\" sizes=\"(max-width: 1000px) 100vw, 1000px\" \/>\t\t\t\t\t\t\t\t<\/a>\n\t\t\t\t\t\t\t\t\t\t\t\t\t\t\t<\/div>\n\t\t\t\t<\/div>\n\t\t\t\t\t<\/div>\n\t\t<\/div>\n\t\t\t\t<div class=\"elementor-column elementor-col-50 elementor-inner-column elementor-element elementor-element-c4acf7b\" data-id=\"c4acf7b\" data-element_type=\"column\" data-e-type=\"column\" data-settings=\"{&quot;background_background&quot;:&quot;classic&quot;}\">\n\t\t\t<div class=\"elementor-widget-wrap elementor-element-populated\">\n\t\t\t\t\t\t<div class=\"elementor-element elementor-element-c5d868c elementor-widget elementor-widget-heading\" data-id=\"c5d868c\" data-element_type=\"widget\" data-e-type=\"widget\" data-widget_type=\"heading.default\">\n\t\t\t\t<div class=\"elementor-widget-container\">\n\t\t\t\t\t<h2 class=\"elementor-heading-title elementor-size-default\">Messico, le origini della vaniglia (Oceano Pacifico)<\/h2>\t\t\t\t<\/div>\n\t\t\t\t<\/div>\n\t\t\t\t<div class=\"elementor-element elementor-element-131c880 elementor-widget elementor-widget-text-editor\" data-id=\"131c880\" data-element_type=\"widget\" data-e-type=\"widget\" data-widget_type=\"text-editor.default\">\n\t\t\t\t<div class=\"elementor-widget-container\">\n\t\t\t\t\t\t\t\t\t<p><em><br \/>\n  <strong>Origine <\/strong><br \/>\n<\/em>Vaniglia<em>:<\/em> culla storica della vaniglia, proviene esclusivamente da questo Paese e pi\u00f9 precisamente dallo stato Papantla di Veracruz, sulla costa orientale. Una vaniglia con baccelli neri sottili, un po&#8217; meno corposa della sua controparte pi\u00f9 giovane del Madagascar, ma con una gamma di aromi pi\u00f9 ricca e variegata. Le note sono calde, potenti, sottili, fortemente cioccolatose, persistenti e speziate in sottofondo. Vaniglia dai sapori pi\u00f9 raffinati e variegati. Come la vaniglia di Tahiti, \u00e8 la vaniglia dei buongustai. Il sapore \u00e8 leggermente cioccolatoso a seconda del lotto, pi\u00f9 o meno speziato, mentre si sviluppano note di fondo fruttate. Peso medio del baccello compreso tra 3 e 6 g.<\/p>\n<p><em><br \/>\n  <strong>Applicazioni consigliate<\/strong><br \/>\n<\/em><em> Cottura<\/em>, gelato, dessert e piatti caldi.<\/p>\n\t\t\t\t\t\t\t\t<\/div>\n\t\t\t\t<\/div>\n\t\t\t\t<div class=\"elementor-element elementor-element-dd38082 elementor-align-center elementor-widget elementor-widget-button\" data-id=\"dd38082\" data-element_type=\"widget\" data-e-type=\"widget\" data-widget_type=\"button.default\">\n\t\t\t\t<div class=\"elementor-widget-container\">\n\t\t\t\t\t\t\t\t\t<div class=\"elementor-button-wrapper\">\n\t\t\t\t\t<a class=\"elementor-button elementor-button-link elementor-size-lg\" href=\"https:\/\/mondevanille.com\/it\/prodotto\/vaniglia-dal-messico\/\">\n\t\t\t\t\t\t<span class=\"elementor-button-content-wrapper\">\n\t\t\t\t\t\t<span class=\"elementor-button-icon\">\n\t\t\t\t<i aria-hidden=\"true\" class=\"novaicon shopping_bag-09\"><\/i>\t\t\t<\/span>\n\t\t\t\t\t\t\t\t\t<span class=\"elementor-button-text\">la nostra selezione<\/span>\n\t\t\t\t\t<\/span>\n\t\t\t\t\t<\/a>\n\t\t\t\t<\/div>\n\t\t\t\t\t\t\t\t<\/div>\n\t\t\t\t<\/div>\n\t\t\t\t\t<\/div>\n\t\t<\/div>\n\t\t\t\t\t<\/div>\n\t\t<\/div>\n\t\t\t\t<div class=\"elementor-section elementor-inner-section elementor-element elementor-element-5566bd3 elementor-section-boxed elementor-section-height-default elementor-section-height-default\" data-id=\"5566bd3\" data-element_type=\"section\" data-e-type=\"section\">\n\t\t\t\t\t\t<div class=\"elementor-container elementor-column-gap-default\">\n\t\t\t\t\t<div class=\"elementor-column elementor-col-100 elementor-inner-column elementor-element elementor-element-c8e9066\" data-id=\"c8e9066\" data-element_type=\"column\" data-e-type=\"column\">\n\t\t\t<div class=\"elementor-widget-wrap elementor-element-populated\">\n\t\t\t\t\t\t<div class=\"elementor-element elementor-element-2d005f7 elementor-widget elementor-widget-text-editor\" data-id=\"2d005f7\" data-element_type=\"widget\" data-e-type=\"widget\" data-widget_type=\"text-editor.default\">\n\t\t\t\t<div class=\"elementor-widget-container\">\n\t\t\t\t\t\t\t\t\t<p><strong>La nostra opinione<\/strong><\/p>\n<p>Distribuita in Europa, \u00e8 una vaniglia rara nel nostro Paese. Quasi-monopolio sulle importazioni e sui consumi detenuto dal vicino nordamericano.<\/p>\n\t\t\t\t\t\t\t\t<\/div>\n\t\t\t\t<\/div>\n\t\t\t\t<div class=\"elementor-element elementor-element-b2f8379 elementor-widget-divider--view-line elementor-widget elementor-widget-divider\" data-id=\"b2f8379\" data-element_type=\"widget\" data-e-type=\"widget\" data-widget_type=\"divider.default\">\n\t\t\t\t<div class=\"elementor-widget-container\">\n\t\t\t\t\t\t\t<div class=\"elementor-divider\">\n\t\t\t<span class=\"elementor-divider-separator\">\n\t\t\t\t\t\t<\/span>\n\t\t<\/div>\n\t\t\t\t\t\t<\/div>\n\t\t\t\t<\/div>\n\t\t\t\t\t<\/div>\n\t\t<\/div>\n\t\t\t\t\t<\/div>\n\t\t<\/div>\n\t\t\t\t<div class=\"elementor-section elementor-inner-section elementor-element elementor-element-1551a0e elementor-section-boxed elementor-section-height-default elementor-section-height-default\" data-id=\"1551a0e\" data-element_type=\"section\" data-e-type=\"section\">\n\t\t\t\t\t\t<div class=\"elementor-container elementor-column-gap-default\">\n\t\t\t\t\t<div class=\"elementor-column elementor-col-50 elementor-inner-column elementor-element elementor-element-dc7d09a\" data-id=\"dc7d09a\" data-element_type=\"column\" data-e-type=\"column\" data-settings=\"{&quot;background_background&quot;:&quot;classic&quot;}\">\n\t\t\t<div class=\"elementor-widget-wrap elementor-element-populated\">\n\t\t\t\t\t\t<div class=\"elementor-element elementor-element-85fadc9 elementor-widget elementor-widget-heading\" data-id=\"85fadc9\" data-element_type=\"widget\" data-e-type=\"widget\" data-widget_type=\"heading.default\">\n\t\t\t\t<div class=\"elementor-widget-container\">\n\t\t\t\t\t<h2 class=\"elementor-heading-title elementor-size-default\">Tahiti, unica e imperdibile (Oceano Pacifico)<\/h2>\t\t\t\t<\/div>\n\t\t\t\t<\/div>\n\t\t\t\t<div class=\"elementor-element elementor-element-0380158 elementor-widget elementor-widget-text-editor\" data-id=\"0380158\" data-element_type=\"widget\" data-e-type=\"widget\" data-widget_type=\"text-editor.default\">\n\t\t\t\t<div class=\"elementor-widget-container\">\n\t\t\t\t\t\t\t\t\t<p><em><strong>Provenienza<\/strong><\/em> Tahiti, Polinesia francese. Il baccello non \u00e8 spaccato, \u00e8 veramente carnoso, spesso e grasso, di colore marrone pi\u00f9 o meno scuro, lucido e rugoso. Le dimensioni dei baccelli variano da 12 a 22 cm con un peso medio di 5 g per i pi\u00f9 corti e 12\/15 g per i pi\u00f9 lunghi. La fragranza \u00e8 delicata e calda, dolce con note di pan di zenzero, fico e fruttata con il profumo di prugne. La pi\u00f9 singolare delle vaniglie per il suo aspetto e la sua fragranza atipica. Per i buongustai. Il sapore \u00e8 potente, con note fruttate di prugne e fichi (tipiche della vaniglia di Tahiti). tutte le isole insieme, una produzione di 35 tonnellate nel 2021.<\/p>\n<p><em><br \/>\n  <strong>Applicazioni consigliate<\/strong><br \/>\n<\/em> Pasticceria<em>,<\/em> gelato, alcol (rum macerato), macedonia di frutta, pesce.<\/p>\n\t\t\t\t\t\t\t\t<\/div>\n\t\t\t\t<\/div>\n\t\t\t\t<div class=\"elementor-element elementor-element-7f04a92 elementor-align-center elementor-widget elementor-widget-button\" data-id=\"7f04a92\" data-element_type=\"widget\" data-e-type=\"widget\" data-widget_type=\"button.default\">\n\t\t\t\t<div class=\"elementor-widget-container\">\n\t\t\t\t\t\t\t\t\t<div class=\"elementor-button-wrapper\">\n\t\t\t\t\t<a class=\"elementor-button elementor-button-link elementor-size-lg\" href=\"https:\/\/mondevanille.com\/it\/prodotto\/tahiti-vaniglia\/\">\n\t\t\t\t\t\t<span class=\"elementor-button-content-wrapper\">\n\t\t\t\t\t\t<span class=\"elementor-button-icon\">\n\t\t\t\t<i aria-hidden=\"true\" class=\"novaicon shopping_bag-09\"><\/i>\t\t\t<\/span>\n\t\t\t\t\t\t\t\t\t<span class=\"elementor-button-text\">la nostra selezione<\/span>\n\t\t\t\t\t<\/span>\n\t\t\t\t\t<\/a>\n\t\t\t\t<\/div>\n\t\t\t\t\t\t\t\t<\/div>\n\t\t\t\t<\/div>\n\t\t\t\t\t<\/div>\n\t\t<\/div>\n\t\t\t\t<div class=\"elementor-column elementor-col-50 elementor-inner-column elementor-element elementor-element-eb51140\" data-id=\"eb51140\" data-element_type=\"column\" data-e-type=\"column\">\n\t\t\t<div class=\"elementor-widget-wrap elementor-element-populated\">\n\t\t\t\t\t\t<div class=\"elementor-element elementor-element-52bfa42 elementor-widget elementor-widget-image\" data-id=\"52bfa42\" data-element_type=\"widget\" data-e-type=\"widget\" data-widget_type=\"image.default\">\n\t\t\t\t<div class=\"elementor-widget-container\">\n\t\t\t\t\t\t\t\t\t\t\t\t<figure class=\"wp-caption\">\n\t\t\t\t\t\t\t\t\t\t\t<a href=\"\/produit\/vanille-de-tahiti\/\">\n\t\t\t\t\t\t\t<img decoding=\"async\" width=\"1000\" height=\"1414\" src=\"https:\/\/mondevanille.com\/wp-content\/uploads\/2022\/07\/Tahiti-1.png\" class=\"attachment-full size-full wp-image-15240 wvs-archive-product-image\" alt=\"\" srcset=\"https:\/\/mondevanille.com\/wp-content\/uploads\/2022\/07\/Tahiti-1.png 1000w, https:\/\/mondevanille.com\/wp-content\/uploads\/2022\/07\/Tahiti-1-212x300.png 212w, https:\/\/mondevanille.com\/wp-content\/uploads\/2022\/07\/Tahiti-1-724x1024.png 724w, https:\/\/mondevanille.com\/wp-content\/uploads\/2022\/07\/Tahiti-1-768x1086.png 768w\" sizes=\"(max-width: 1000px) 100vw, 1000px\" \/>\t\t\t\t\t\t\t\t<\/a>\n\t\t\t\t\t\t\t\t\t\t\t<figcaption class=\"widget-image-caption wp-caption-text\"><\/figcaption>\n\t\t\t\t\t\t\t\t\t\t<\/figure>\n\t\t\t\t\t\t\t\t\t<\/div>\n\t\t\t\t<\/div>\n\t\t\t\t\t<\/div>\n\t\t<\/div>\n\t\t\t\t\t<\/div>\n\t\t<\/div>\n\t\t\t\t<div class=\"elementor-section elementor-inner-section elementor-element elementor-element-b5d90d7 elementor-section-boxed elementor-section-height-default elementor-section-height-default\" data-id=\"b5d90d7\" data-element_type=\"section\" data-e-type=\"section\">\n\t\t\t\t\t\t<div class=\"elementor-container elementor-column-gap-default\">\n\t\t\t\t\t<div class=\"elementor-column elementor-col-100 elementor-inner-column elementor-element elementor-element-b1a9382\" data-id=\"b1a9382\" data-element_type=\"column\" data-e-type=\"column\">\n\t\t\t<div class=\"elementor-widget-wrap elementor-element-populated\">\n\t\t\t\t\t\t<div class=\"elementor-element elementor-element-1737c9f elementor-widget elementor-widget-text-editor\" data-id=\"1737c9f\" data-element_type=\"widget\" data-e-type=\"widget\" data-widget_type=\"text-editor.default\">\n\t\t\t\t<div class=\"elementor-widget-container\">\n\t\t\t\t\t\t\t\t\t<p><strong>La nostra opinione :<\/strong> <\/p>\n<p>Con la recente crescita della produzione e il calo dei prezzi, la nostra vaniglia francese sta diventando davvero conveniente, chi pu\u00f2 lamentarsi? Pi\u00f9 costoso da acquistare rispetto alla Planofilia o al tahitenis della Nuova Guinea, \u00e8 comunque economico da utilizzare (un baccello tahitiano pu\u00f2 rappresentare l&#8217;equivalente di due baccelli del Madagascar). Considerata da molti la pi\u00f9 prestigiosa delle vaniglie, si dice che sia il risultato di un incrocio tra Planifolia e Pompona.<\/p>\n\t\t\t\t\t\t\t\t<\/div>\n\t\t\t\t<\/div>\n\t\t\t\t<div class=\"elementor-element elementor-element-6fec565 elementor-widget-divider--view-line elementor-widget elementor-widget-divider\" data-id=\"6fec565\" data-element_type=\"widget\" data-e-type=\"widget\" data-widget_type=\"divider.default\">\n\t\t\t\t<div class=\"elementor-widget-container\">\n\t\t\t\t\t\t\t<div class=\"elementor-divider\">\n\t\t\t<span class=\"elementor-divider-separator\">\n\t\t\t\t\t\t<\/span>\n\t\t<\/div>\n\t\t\t\t\t\t<\/div>\n\t\t\t\t<\/div>\n\t\t\t\t\t<\/div>\n\t\t<\/div>\n\t\t\t\t\t<\/div>\n\t\t<\/div>\n\t\t\t\t<div class=\"elementor-section elementor-inner-section elementor-element elementor-element-d51df89 elementor-reverse-mobile elementor-section-boxed elementor-section-height-default elementor-section-height-default\" data-id=\"d51df89\" data-element_type=\"section\" data-e-type=\"section\">\n\t\t\t\t\t\t<div class=\"elementor-container elementor-column-gap-default\">\n\t\t\t\t\t<div class=\"elementor-column elementor-col-50 elementor-inner-column elementor-element elementor-element-e5c9666\" data-id=\"e5c9666\" data-element_type=\"column\" data-e-type=\"column\">\n\t\t\t<div class=\"elementor-widget-wrap elementor-element-populated\">\n\t\t\t\t\t\t<div class=\"elementor-element elementor-element-d31529c elementor-widget elementor-widget-image\" data-id=\"d31529c\" data-element_type=\"widget\" data-e-type=\"widget\" data-widget_type=\"image.default\">\n\t\t\t\t<div class=\"elementor-widget-container\">\n\t\t\t\t\t\t\t\t\t\t\t\t<figure class=\"wp-caption\">\n\t\t\t\t\t\t\t\t\t\t\t<a href=\"\/produit\/vanille-de-nouvelle-guinee\/\">\n\t\t\t\t\t\t\t<img loading=\"lazy\" decoding=\"async\" width=\"724\" height=\"1024\" src=\"https:\/\/mondevanille.com\/wp-content\/uploads\/2022\/05\/PNG-2-724x1024.png\" class=\"attachment-large size-large wp-image-15313 wvs-archive-product-image\" alt=\"\" srcset=\"https:\/\/mondevanille.com\/wp-content\/uploads\/2022\/05\/PNG-2-724x1024.png 724w, https:\/\/mondevanille.com\/wp-content\/uploads\/2022\/05\/PNG-2-212x300.png 212w, https:\/\/mondevanille.com\/wp-content\/uploads\/2022\/05\/PNG-2-768x1086.png 768w, https:\/\/mondevanille.com\/wp-content\/uploads\/2022\/05\/PNG-2.png 1000w\" sizes=\"(max-width: 724px) 100vw, 724px\" \/>\t\t\t\t\t\t\t\t<\/a>\n\t\t\t\t\t\t\t\t\t\t\t<figcaption class=\"widget-image-caption wp-caption-text\"><\/figcaption>\n\t\t\t\t\t\t\t\t\t\t<\/figure>\n\t\t\t\t\t\t\t\t\t<\/div>\n\t\t\t\t<\/div>\n\t\t\t\t\t<\/div>\n\t\t<\/div>\n\t\t\t\t<div class=\"elementor-column elementor-col-50 elementor-inner-column elementor-element elementor-element-5e0128e\" data-id=\"5e0128e\" data-element_type=\"column\" data-e-type=\"column\" data-settings=\"{&quot;background_background&quot;:&quot;classic&quot;}\">\n\t\t\t<div class=\"elementor-widget-wrap elementor-element-populated\">\n\t\t\t\t\t\t<div class=\"elementor-element elementor-element-2e6661d elementor-widget elementor-widget-heading\" data-id=\"2e6661d\" data-element_type=\"widget\" data-e-type=\"widget\" data-widget_type=\"heading.default\">\n\t\t\t\t<div class=\"elementor-widget-container\">\n\t\t\t\t\t<h2 class=\"elementor-heading-title elementor-size-default\"><br> <br>Papua Nuova Guinea (&amp; Indonesia) Miglior rapporto qualit\u00e0\/prezzo<\/h2>\t\t\t\t<\/div>\n\t\t\t\t<\/div>\n\t\t\t\t<div class=\"elementor-element elementor-element-00c6727 elementor-widget elementor-widget-text-editor\" data-id=\"00c6727\" data-element_type=\"widget\" data-e-type=\"widget\" data-widget_type=\"text-editor.default\">\n\t\t\t\t<div class=\"elementor-widget-container\">\n\t\t\t\t\t\t\t\t\t<p><strong>Origine:<\/strong> in Nuova Guinea si coltivano sia la variet\u00e0 Tahitensis che la Planifolia, anche se la distribuzione di quest&#8217;ultima variet\u00e0 botanica rimane pi\u00f9 riservata. La Tahitensis, prodotta in Nuova Guinea, \u00e8 molto diversa dalla sua gemella tahitiana: i baccelli non sono spaccati, sono morbidi e carnosi, ma l&#8217;aroma \u00e8 molto meno raffinato. La presenza di brina (vanillina naturale) \u00e8 frequente. Questi aromi sono legnosi nell&#8217;attacco e sviluppano note di fondo pi\u00f9 speziate di pepe e persino di tabacco. Alcuni lotti sono aromatizzati all&#8217;anice e hanno un sapore di noci tostate in cottura. Peso medio di 4-6 g a seconda delle dimensioni del baccello. Produzione di 250-300 tonnellate entro il 2021.<\/p>\n<p><em><br \/>\n  <strong>Applicazioni consigliate<\/strong><br \/>\n<\/em> Pasticceria<em>,<\/em> gelati, tutti i dessert (macedonia, composta), piatti caldi e salse, una vaniglia molto versatile grazie alle sue note aromatiche.<\/p>\n\t\t\t\t\t\t\t\t<\/div>\n\t\t\t\t<\/div>\n\t\t\t\t<div class=\"elementor-element elementor-element-ed49942 elementor-align-center elementor-widget elementor-widget-button\" data-id=\"ed49942\" data-element_type=\"widget\" data-e-type=\"widget\" data-widget_type=\"button.default\">\n\t\t\t\t<div class=\"elementor-widget-container\">\n\t\t\t\t\t\t\t\t\t<div class=\"elementor-button-wrapper\">\n\t\t\t\t\t<a class=\"elementor-button elementor-button-link elementor-size-lg\" href=\"https:\/\/mondevanille.com\/it\/prodotto\/vaniglia-della-nuova-guinea\/\">\n\t\t\t\t\t\t<span class=\"elementor-button-content-wrapper\">\n\t\t\t\t\t\t<span class=\"elementor-button-icon\">\n\t\t\t\t<i aria-hidden=\"true\" class=\"novaicon shopping_bag-09\"><\/i>\t\t\t<\/span>\n\t\t\t\t\t\t\t\t\t<span class=\"elementor-button-text\">la nostra selezione<\/span>\n\t\t\t\t\t<\/span>\n\t\t\t\t\t<\/a>\n\t\t\t\t<\/div>\n\t\t\t\t\t\t\t\t<\/div>\n\t\t\t\t<\/div>\n\t\t\t\t\t<\/div>\n\t\t<\/div>\n\t\t\t\t\t<\/div>\n\t\t<\/div>\n\t\t\t\t<div class=\"elementor-section elementor-inner-section elementor-element elementor-element-ee026ce elementor-section-boxed elementor-section-height-default elementor-section-height-default\" data-id=\"ee026ce\" data-element_type=\"section\" data-e-type=\"section\">\n\t\t\t\t\t\t<div class=\"elementor-container elementor-column-gap-default\">\n\t\t\t\t\t<div class=\"elementor-column elementor-col-100 elementor-inner-column elementor-element elementor-element-877fbfb\" data-id=\"877fbfb\" data-element_type=\"column\" data-e-type=\"column\">\n\t\t\t<div class=\"elementor-widget-wrap elementor-element-populated\">\n\t\t\t\t\t\t<div class=\"elementor-element elementor-element-36f4098 elementor-widget elementor-widget-text-editor\" data-id=\"36f4098\" data-element_type=\"widget\" data-e-type=\"widget\" data-widget_type=\"text-editor.default\">\n\t\t\t\t<div class=\"elementor-widget-container\">\n\t\t\t\t\t\t\t\t\t<p><strong>Il nostro parere&nbsp;:  <\/strong><\/p>\n<p>Una vaniglia che fino a poco tempo fa era conosciuta con l&#8217;improbabile e troppo generalizzato nome commerciale di<em>&#8220;vaniglia delle isole<\/em>&#8221; o<em>&#8220;vaniglia dei tropici&#8221;, <\/em>probabilmente a causa del suo deficit di immagine perch\u00e9 non ha la notoriet\u00e0 del Madagascar. Anche se raramente&nbsp;identifica la sua origine, \u00e8 comunque una vaniglia con un eccellente rapporto qualit\u00e0\/prezzo. Uno dei nostri preferiti, perch\u00e9 la sua qualit\u00e0 \u00e8 costante e il suo prezzo \u00e8 tra i pi\u00f9 interessanti del mercato. I baccelli invecchiano bene nel tempo (si seccano meno rapidamente dei loro omologhi).&nbsp;La produzione \u00e8 fusa con la vicina Indonesia, che molto spesso rivende la produzione della Papua Nuova Guinea. La produzione \u00e8 diventata stabile e i prezzi costanti offerti agli agricoltori hanno reso il settore sostenibile.<\/p>\t\t\t\t\t\t\t\t<\/div>\n\t\t\t\t<\/div>\n\t\t\t\t<div class=\"elementor-element elementor-element-037cbda elementor-widget-divider--view-line elementor-widget elementor-widget-divider\" data-id=\"037cbda\" data-element_type=\"widget\" data-e-type=\"widget\" data-widget_type=\"divider.default\">\n\t\t\t\t<div class=\"elementor-widget-container\">\n\t\t\t\t\t\t\t<div class=\"elementor-divider\">\n\t\t\t<span class=\"elementor-divider-separator\">\n\t\t\t\t\t\t<\/span>\n\t\t<\/div>\n\t\t\t\t\t\t<\/div>\n\t\t\t\t<\/div>\n\t\t\t\t\t<\/div>\n\t\t<\/div>\n\t\t\t\t\t<\/div>\n\t\t<\/div>\n\t\t\t\t<div class=\"elementor-section elementor-inner-section elementor-element elementor-element-6f9a81d elementor-section-boxed elementor-section-height-default elementor-section-height-default\" data-id=\"6f9a81d\" data-element_type=\"section\" data-e-type=\"section\">\n\t\t\t\t\t\t<div class=\"elementor-container elementor-column-gap-default\">\n\t\t\t\t\t<div class=\"elementor-column elementor-col-50 elementor-inner-column elementor-element elementor-element-5571f83\" data-id=\"5571f83\" data-element_type=\"column\" data-e-type=\"column\" data-settings=\"{&quot;background_background&quot;:&quot;classic&quot;}\">\n\t\t\t<div class=\"elementor-widget-wrap elementor-element-populated\">\n\t\t\t\t\t\t<div class=\"elementor-element elementor-element-2193042 elementor-widget elementor-widget-heading\" data-id=\"2193042\" data-element_type=\"widget\" data-e-type=\"widget\" data-widget_type=\"heading.default\">\n\t\t\t\t<div class=\"elementor-widget-container\">\n\t\t\t\t\t<h2 class=\"elementor-heading-title elementor-size-default\"><br><br> Isola della Riunione, la Bourbon Francese (Oceano Indiano)<\/h2>\t\t\t\t<\/div>\n\t\t\t\t<\/div>\n\t\t\t\t<div class=\"elementor-element elementor-element-a6683ed elementor-widget elementor-widget-text-editor\" data-id=\"a6683ed\" data-element_type=\"widget\" data-e-type=\"widget\" data-widget_type=\"text-editor.default\">\n\t\t\t\t<div class=\"elementor-widget-container\">\n\t\t\t\t\t\t\t\t\t<p>Differenze aromatiche significative a seconda dei produttori, i baccelli ricchi di fagioli neri sono generalmente pi\u00f9 fini rispetto a quelli del Madagascar o delle Comore, con un aroma tipico delle vaniglie Planifolia (cioccolatoso, speziato)<\/p>\n<p><em><br \/>\n  <strong>Applicazioni consigliate<\/strong><br \/>\n<\/em> Pesce, carni bianche, composte, macedonie.<\/p>\n\t\t\t\t\t\t\t\t<\/div>\n\t\t\t\t<\/div>\n\t\t\t\t<div class=\"elementor-element elementor-element-e4ea21f elementor-align-center elementor-widget elementor-widget-button\" data-id=\"e4ea21f\" data-element_type=\"widget\" data-e-type=\"widget\" data-widget_type=\"button.default\">\n\t\t\t\t<div class=\"elementor-widget-container\">\n\t\t\t\t\t\t\t\t\t<div class=\"elementor-button-wrapper\">\n\t\t\t\t\t<a class=\"elementor-button elementor-button-link elementor-size-lg\" href=\"https:\/\/mondevanille.com\/it\/prodotto\/isola-della-riunione\/\">\n\t\t\t\t\t\t<span class=\"elementor-button-content-wrapper\">\n\t\t\t\t\t\t<span class=\"elementor-button-icon\">\n\t\t\t\t<i aria-hidden=\"true\" class=\"novaicon shopping_bag-09\"><\/i>\t\t\t<\/span>\n\t\t\t\t\t\t\t\t\t<span class=\"elementor-button-text\">la nostra selezione<\/span>\n\t\t\t\t\t<\/span>\n\t\t\t\t\t<\/a>\n\t\t\t\t<\/div>\n\t\t\t\t\t\t\t\t<\/div>\n\t\t\t\t<\/div>\n\t\t\t\t\t<\/div>\n\t\t<\/div>\n\t\t\t\t<div class=\"elementor-column elementor-col-50 elementor-inner-column elementor-element elementor-element-cf2df9c\" data-id=\"cf2df9c\" data-element_type=\"column\" data-e-type=\"column\">\n\t\t\t<div class=\"elementor-widget-wrap elementor-element-populated\">\n\t\t\t\t\t\t<div class=\"elementor-element elementor-element-c4575ff elementor-widget elementor-widget-image\" data-id=\"c4575ff\" data-element_type=\"widget\" data-e-type=\"widget\" data-widget_type=\"image.default\">\n\t\t\t\t<div class=\"elementor-widget-container\">\n\t\t\t\t\t\t\t\t\t\t\t\t\t\t\t\t<a href=\"\/produit\/iledelareunion\/\">\n\t\t\t\t\t\t\t<img loading=\"lazy\" decoding=\"async\" width=\"724\" height=\"1024\" src=\"https:\/\/mondevanille.com\/wp-content\/uploads\/2022\/07\/IledelaReunion-1-724x1024.png\" class=\"attachment-large size-large wp-image-15248 wvs-archive-product-image\" alt=\"\" srcset=\"https:\/\/mondevanille.com\/wp-content\/uploads\/2022\/07\/IledelaReunion-1-724x1024.png 724w, https:\/\/mondevanille.com\/wp-content\/uploads\/2022\/07\/IledelaReunion-1-212x300.png 212w, https:\/\/mondevanille.com\/wp-content\/uploads\/2022\/07\/IledelaReunion-1-768x1086.png 768w, https:\/\/mondevanille.com\/wp-content\/uploads\/2022\/07\/IledelaReunion-1.png 1000w\" sizes=\"(max-width: 724px) 100vw, 724px\" \/>\t\t\t\t\t\t\t\t<\/a>\n\t\t\t\t\t\t\t\t\t\t\t\t\t\t\t<\/div>\n\t\t\t\t<\/div>\n\t\t\t\t\t<\/div>\n\t\t<\/div>\n\t\t\t\t\t<\/div>\n\t\t<\/div>\n\t\t\t\t<div class=\"elementor-section elementor-inner-section elementor-element elementor-element-29434bf elementor-section-boxed elementor-section-height-default elementor-section-height-default\" data-id=\"29434bf\" data-element_type=\"section\" data-e-type=\"section\">\n\t\t\t\t\t\t<div class=\"elementor-container elementor-column-gap-default\">\n\t\t\t\t\t<div class=\"elementor-column elementor-col-100 elementor-inner-column elementor-element elementor-element-56cdd30\" data-id=\"56cdd30\" data-element_type=\"column\" data-e-type=\"column\">\n\t\t\t<div class=\"elementor-widget-wrap elementor-element-populated\">\n\t\t\t\t\t\t<div class=\"elementor-element elementor-element-e8e91af elementor-widget elementor-widget-text-editor\" data-id=\"e8e91af\" data-element_type=\"widget\" data-e-type=\"widget\" data-widget_type=\"text-editor.default\">\n\t\t\t\t<div class=\"elementor-widget-container\">\n\t\t\t\t\t\t\t\t\t<p><strong>La nostra opinione<\/strong><\/p>\n<p>Sfruttando un nome dal forte simbolismo e storicamente legato alla vaniglia, \u00e8 una delle provenienze pi\u00f9 costose oggi sul mercato, se non la pi\u00f9 costosa. La produzione \u00e8 in costante aumento da diversi anni, con un&#8217;offerta biologica che Tahiti non ha ancora.<\/p>\n\t\t\t\t\t\t\t\t<\/div>\n\t\t\t\t<\/div>\n\t\t\t\t<div class=\"elementor-element elementor-element-ca65661 elementor-widget-divider--view-line elementor-widget elementor-widget-divider\" data-id=\"ca65661\" data-element_type=\"widget\" data-e-type=\"widget\" data-widget_type=\"divider.default\">\n\t\t\t\t<div class=\"elementor-widget-container\">\n\t\t\t\t\t\t\t<div class=\"elementor-divider\">\n\t\t\t<span class=\"elementor-divider-separator\">\n\t\t\t\t\t\t<\/span>\n\t\t<\/div>\n\t\t\t\t\t\t<\/div>\n\t\t\t\t<\/div>\n\t\t\t\t\t<\/div>\n\t\t<\/div>\n\t\t\t\t\t<\/div>\n\t\t<\/div>\n\t\t\t\t<div class=\"elementor-section elementor-inner-section elementor-element elementor-element-f7f153f elementor-reverse-mobile elementor-section-boxed elementor-section-height-default elementor-section-height-default\" data-id=\"f7f153f\" data-element_type=\"section\" data-e-type=\"section\">\n\t\t\t\t\t\t<div class=\"elementor-container elementor-column-gap-default\">\n\t\t\t\t\t<div class=\"elementor-column elementor-col-50 elementor-inner-column elementor-element elementor-element-142c7c1\" data-id=\"142c7c1\" data-element_type=\"column\" data-e-type=\"column\">\n\t\t\t<div class=\"elementor-widget-wrap elementor-element-populated\">\n\t\t\t\t\t\t<div class=\"elementor-element elementor-element-fa64cea elementor-widget elementor-widget-image\" data-id=\"fa64cea\" data-element_type=\"widget\" data-e-type=\"widget\" data-widget_type=\"image.default\">\n\t\t\t\t<div class=\"elementor-widget-container\">\n\t\t\t\t\t\t\t\t\t\t\t\t\t\t\t<img loading=\"lazy\" decoding=\"async\" width=\"1000\" height=\"894\" src=\"https:\/\/mondevanille.com\/wp-content\/uploads\/2022\/05\/indes.png\" class=\"attachment-large size-large wp-image-15330 wvs-archive-product-image\" alt=\"\" srcset=\"https:\/\/mondevanille.com\/wp-content\/uploads\/2022\/05\/indes.png 1000w, https:\/\/mondevanille.com\/wp-content\/uploads\/2022\/05\/indes-300x268.png 300w, https:\/\/mondevanille.com\/wp-content\/uploads\/2022\/05\/indes-768x687.png 768w\" sizes=\"(max-width: 1000px) 100vw, 1000px\" \/>\t\t\t\t\t\t\t\t\t\t\t\t\t\t\t<\/div>\n\t\t\t\t<\/div>\n\t\t\t\t\t<\/div>\n\t\t<\/div>\n\t\t\t\t<div class=\"elementor-column elementor-col-50 elementor-inner-column elementor-element elementor-element-18d43b2\" data-id=\"18d43b2\" data-element_type=\"column\" data-e-type=\"column\" data-settings=\"{&quot;background_background&quot;:&quot;classic&quot;}\">\n\t\t\t<div class=\"elementor-widget-wrap elementor-element-populated\">\n\t\t\t\t\t\t<div class=\"elementor-element elementor-element-a0799a4 elementor-widget elementor-widget-heading\" data-id=\"a0799a4\" data-element_type=\"widget\" data-e-type=\"widget\" data-widget_type=\"heading.default\">\n\t\t\t\t<div class=\"elementor-widget-container\">\n\t\t\t\t\t<h2 class=\"elementor-heading-title elementor-size-default\">India, terra di spezie  <\/h2>\t\t\t\t<\/div>\n\t\t\t\t<\/div>\n\t\t\t\t<div class=\"elementor-element elementor-element-1c010de elementor-widget elementor-widget-text-editor\" data-id=\"1c010de\" data-element_type=\"widget\" data-e-type=\"widget\" data-widget_type=\"text-editor.default\">\n\t\t\t\t<div class=\"elementor-widget-container\">\n\t\t\t\t\t\t\t\t\t<p>Una vaniglia con aromi di cioccolato e legno, che a volte rivela note floreali in alcuni chicchi. Il baccello \u00e8 sottile e nero. Il sapore \u00e8 franco e delicato, tipico della liquirizia.<\/p>\n<p><em>\n  <strong>Applicazioni consigliate<\/strong>\n<\/em>&nbsp;Pesce, carni bianche, composte, macedonie.<\/p>\t\t\t\t\t\t\t\t<\/div>\n\t\t\t\t<\/div>\n\t\t\t\t\t<\/div>\n\t\t<\/div>\n\t\t\t\t\t<\/div>\n\t\t<\/div>\n\t\t\t\t<div class=\"elementor-section elementor-inner-section elementor-element elementor-element-d17b9a4 elementor-section-boxed elementor-section-height-default elementor-section-height-default\" data-id=\"d17b9a4\" data-element_type=\"section\" data-e-type=\"section\">\n\t\t\t\t\t\t<div class=\"elementor-container elementor-column-gap-default\">\n\t\t\t\t\t<div class=\"elementor-column elementor-col-100 elementor-inner-column elementor-element elementor-element-aef95c3\" data-id=\"aef95c3\" data-element_type=\"column\" data-e-type=\"column\">\n\t\t\t<div class=\"elementor-widget-wrap elementor-element-populated\">\n\t\t\t\t\t\t<div class=\"elementor-element elementor-element-7b6c33c elementor-widget elementor-widget-text-editor\" data-id=\"7b6c33c\" data-element_type=\"widget\" data-e-type=\"widget\" data-widget_type=\"text-editor.default\">\n\t\t\t\t<div class=\"elementor-widget-container\">\n\t\t\t\t\t\t\t\t\t<p><strong>La nostra opinione  <\/strong><\/p>\n<p>Una vaniglia con lo stesso profilo commerciale della vaniglia della Nuova Guinea o dell&#8217;Uganda, ma raramente viene venduta con la sua vera identit\u00e0 geografica. Simile alla vaniglia Bourbon, \u00e8 leggermente meno fine, ma anche meno costosa. La produzione \u00e8 stata di 200-250 tonnellate qualche anno fa, ma da allora \u00e8 diventata molto bassa, in concorrenza con la vaniglia, i cui costi di produzione sono inferiori (Papua Nuova Guinea).<\/p>\n\t\t\t\t\t\t\t\t<\/div>\n\t\t\t\t<\/div>\n\t\t\t\t<div class=\"elementor-element elementor-element-81a8f03 elementor-widget-divider--view-line elementor-widget elementor-widget-divider\" data-id=\"81a8f03\" data-element_type=\"widget\" data-e-type=\"widget\" data-widget_type=\"divider.default\">\n\t\t\t\t<div class=\"elementor-widget-container\">\n\t\t\t\t\t\t\t<div class=\"elementor-divider\">\n\t\t\t<span class=\"elementor-divider-separator\">\n\t\t\t\t\t\t<\/span>\n\t\t<\/div>\n\t\t\t\t\t\t<\/div>\n\t\t\t\t<\/div>\n\t\t\t\t\t<\/div>\n\t\t<\/div>\n\t\t\t\t\t<\/div>\n\t\t<\/div>\n\t\t\t\t<div class=\"elementor-section elementor-inner-section elementor-element elementor-element-5f0a258 elementor-section-boxed elementor-section-height-default elementor-section-height-default\" data-id=\"5f0a258\" data-element_type=\"section\" data-e-type=\"section\">\n\t\t\t\t\t\t<div class=\"elementor-container elementor-column-gap-default\">\n\t\t\t\t\t<div class=\"elementor-column elementor-col-50 elementor-inner-column elementor-element elementor-element-87c387c\" data-id=\"87c387c\" data-element_type=\"column\" data-e-type=\"column\" data-settings=\"{&quot;background_background&quot;:&quot;classic&quot;}\">\n\t\t\t<div class=\"elementor-widget-wrap elementor-element-populated\">\n\t\t\t\t\t\t<div class=\"elementor-element elementor-element-b2e39cb elementor-widget elementor-widget-heading\" data-id=\"b2e39cb\" data-element_type=\"widget\" data-e-type=\"widget\" data-widget_type=\"heading.default\">\n\t\t\t\t<div class=\"elementor-widget-container\">\n\t\t\t\t\t<h2 class=\"elementor-heading-title elementor-size-default\">Comore, la sorella minore del Madagascar (Oceano Indiano)<\/h2>\t\t\t\t<\/div>\n\t\t\t\t<\/div>\n\t\t\t\t<div class=\"elementor-element elementor-element-7d4a326 elementor-widget elementor-widget-text-editor\" data-id=\"7d4a326\" data-element_type=\"widget\" data-e-type=\"widget\" data-widget_type=\"text-editor.default\">\n\t\t\t\t<div class=\"elementor-widget-container\">\n\t\t\t\t\t\t\t\t\t<p><em><br \/>\n  <strong>Applicazioni consigliate<\/strong><br \/>\n<\/em> :<\/p>\n<p>Situate a nord-ovest del Madagascar, le Comore ci offrono una vaniglia atipica con un contenuto di vanillina senza pari, pari al 2% e oltre.<\/p>\n<p>Le note aromatiche sono fortemente floreali e inebrianti. Produzione di 40 tonnellate entro il 2021.<\/p>\n<p><strong>Applicazione<\/strong>: Vaniglia versatile, con il suo lato meno dolce e pi\u00f9 crudo, \u00e8 adatta a tutti i tipi di ricette.<\/p>\n\t\t\t\t\t\t\t\t<\/div>\n\t\t\t\t<\/div>\n\t\t\t\t<div class=\"elementor-element elementor-element-6b4b4fd elementor-align-center elementor-widget elementor-widget-button\" data-id=\"6b4b4fd\" data-element_type=\"widget\" data-e-type=\"widget\" data-widget_type=\"button.default\">\n\t\t\t\t<div class=\"elementor-widget-container\">\n\t\t\t\t\t\t\t\t\t<div class=\"elementor-button-wrapper\">\n\t\t\t\t\t<a class=\"elementor-button elementor-button-link elementor-size-lg\" href=\"https:\/\/mondevanille.com\/it\/prodotto\/vanille-des-comores\/\">\n\t\t\t\t\t\t<span class=\"elementor-button-content-wrapper\">\n\t\t\t\t\t\t<span class=\"elementor-button-icon\">\n\t\t\t\t<i aria-hidden=\"true\" class=\"novaicon shopping_bag-09\"><\/i>\t\t\t<\/span>\n\t\t\t\t\t\t\t\t\t<span class=\"elementor-button-text\">la nostra selezione<\/span>\n\t\t\t\t\t<\/span>\n\t\t\t\t\t<\/a>\n\t\t\t\t<\/div>\n\t\t\t\t\t\t\t\t<\/div>\n\t\t\t\t<\/div>\n\t\t\t\t\t<\/div>\n\t\t<\/div>\n\t\t\t\t<div class=\"elementor-column elementor-col-50 elementor-inner-column elementor-element elementor-element-6561776\" data-id=\"6561776\" data-element_type=\"column\" data-e-type=\"column\">\n\t\t\t<div class=\"elementor-widget-wrap elementor-element-populated\">\n\t\t\t\t\t\t<div class=\"elementor-element elementor-element-b5a54cf elementor-widget elementor-widget-image\" data-id=\"b5a54cf\" data-element_type=\"widget\" data-e-type=\"widget\" data-widget_type=\"image.default\">\n\t\t\t\t<div class=\"elementor-widget-container\">\n\t\t\t\t\t\t\t\t\t\t\t\t\t\t\t\t<a href=\"\/produit\/vanille-des-comores\/\">\n\t\t\t\t\t\t\t<img loading=\"lazy\" decoding=\"async\" width=\"1000\" height=\"1010\" src=\"https:\/\/mondevanille.com\/wp-content\/uploads\/2022\/05\/comores-3.png\" class=\"attachment-large size-large wp-image-15338 wvs-archive-product-image\" alt=\"\" srcset=\"https:\/\/mondevanille.com\/wp-content\/uploads\/2022\/05\/comores-3.png 1000w, https:\/\/mondevanille.com\/wp-content\/uploads\/2022\/05\/comores-3-297x300.png 297w, https:\/\/mondevanille.com\/wp-content\/uploads\/2022\/05\/comores-3-768x776.png 768w, https:\/\/mondevanille.com\/wp-content\/uploads\/2022\/05\/comores-3-100x100.png 100w, https:\/\/mondevanille.com\/wp-content\/uploads\/2022\/05\/comores-3-50x50.png 50w\" sizes=\"(max-width: 1000px) 100vw, 1000px\" \/>\t\t\t\t\t\t\t\t<\/a>\n\t\t\t\t\t\t\t\t\t\t\t\t\t\t\t<\/div>\n\t\t\t\t<\/div>\n\t\t\t\t\t<\/div>\n\t\t<\/div>\n\t\t\t\t\t<\/div>\n\t\t<\/div>\n\t\t\t\t<div class=\"elementor-section elementor-inner-section elementor-element elementor-element-4a48c71 elementor-section-boxed elementor-section-height-default elementor-section-height-default\" data-id=\"4a48c71\" data-element_type=\"section\" data-e-type=\"section\">\n\t\t\t\t\t\t<div class=\"elementor-container elementor-column-gap-default\">\n\t\t\t\t\t<div class=\"elementor-column elementor-col-100 elementor-inner-column elementor-element elementor-element-3f5ff46\" data-id=\"3f5ff46\" data-element_type=\"column\" data-e-type=\"column\">\n\t\t\t<div class=\"elementor-widget-wrap elementor-element-populated\">\n\t\t\t\t\t\t<div class=\"elementor-element elementor-element-571d703 elementor-widget elementor-widget-text-editor\" data-id=\"571d703\" data-element_type=\"widget\" data-e-type=\"widget\" data-widget_type=\"text-editor.default\">\n\t\t\t\t<div class=\"elementor-widget-container\">\n\t\t\t\t\t\t\t\t\t<p><strong>La nostra opinione  <\/strong><\/p>\n<p>Una vaniglia molto interessante che soffre dell&#8217;immediata vicinanza e della concorrenza del Madagascar per la sua reputazione di vaniglia. Viene utilizzata principalmente dall&#8217;industria degli aromi grazie al suo elevato contenuto di vanillina.<\/p>\n\t\t\t\t\t\t\t\t<\/div>\n\t\t\t\t<\/div>\n\t\t\t\t<div class=\"elementor-element elementor-element-1ee01a0 elementor-widget-divider--view-line elementor-widget elementor-widget-divider\" data-id=\"1ee01a0\" data-element_type=\"widget\" data-e-type=\"widget\" data-widget_type=\"divider.default\">\n\t\t\t\t<div class=\"elementor-widget-container\">\n\t\t\t\t\t\t\t<div class=\"elementor-divider\">\n\t\t\t<span class=\"elementor-divider-separator\">\n\t\t\t\t\t\t<\/span>\n\t\t<\/div>\n\t\t\t\t\t\t<\/div>\n\t\t\t\t<\/div>\n\t\t\t\t\t<\/div>\n\t\t<\/div>\n\t\t\t\t\t<\/div>\n\t\t<\/div>\n\t\t\t\t<div class=\"elementor-section elementor-inner-section elementor-element elementor-element-c38c06e elementor-reverse-mobile elementor-section-boxed elementor-section-height-default elementor-section-height-default\" data-id=\"c38c06e\" data-element_type=\"section\" data-e-type=\"section\">\n\t\t\t\t\t\t<div class=\"elementor-container elementor-column-gap-default\">\n\t\t\t\t\t<div class=\"elementor-column elementor-col-50 elementor-inner-column elementor-element elementor-element-9f97013\" data-id=\"9f97013\" data-element_type=\"column\" data-e-type=\"column\">\n\t\t\t<div class=\"elementor-widget-wrap elementor-element-populated\">\n\t\t\t\t\t\t<div class=\"elementor-element elementor-element-5f0d720 elementor-widget elementor-widget-image\" data-id=\"5f0d720\" data-element_type=\"widget\" data-e-type=\"widget\" data-widget_type=\"image.default\">\n\t\t\t\t<div class=\"elementor-widget-container\">\n\t\t\t\t\t\t\t\t\t\t\t\t\t\t\t<img loading=\"lazy\" decoding=\"async\" width=\"1000\" height=\"814\" src=\"https:\/\/mondevanille.com\/wp-content\/uploads\/2022\/07\/Nouvelle-Caledonie-2.png\" class=\"attachment-large size-large wp-image-15259 wvs-archive-product-image\" alt=\"\" srcset=\"https:\/\/mondevanille.com\/wp-content\/uploads\/2022\/07\/Nouvelle-Caledonie-2.png 1000w, https:\/\/mondevanille.com\/wp-content\/uploads\/2022\/07\/Nouvelle-Caledonie-2-300x244.png 300w, https:\/\/mondevanille.com\/wp-content\/uploads\/2022\/07\/Nouvelle-Caledonie-2-768x625.png 768w\" sizes=\"(max-width: 1000px) 100vw, 1000px\" \/>\t\t\t\t\t\t\t\t\t\t\t\t\t\t\t<\/div>\n\t\t\t\t<\/div>\n\t\t\t\t\t<\/div>\n\t\t<\/div>\n\t\t\t\t<div class=\"elementor-column elementor-col-50 elementor-inner-column elementor-element elementor-element-269fd25\" data-id=\"269fd25\" data-element_type=\"column\" data-e-type=\"column\" data-settings=\"{&quot;background_background&quot;:&quot;classic&quot;}\">\n\t\t\t<div class=\"elementor-widget-wrap elementor-element-populated\">\n\t\t\t\t\t\t<div class=\"elementor-element elementor-element-616d4fe elementor-widget elementor-widget-heading\" data-id=\"616d4fe\" data-element_type=\"widget\" data-e-type=\"widget\" data-widget_type=\"heading.default\">\n\t\t\t\t<div class=\"elementor-widget-container\">\n\t\t\t\t\t<h2 class=\"elementor-heading-title elementor-size-default\">Nuova Caledonia, il potenziale<\/h2>\t\t\t\t<\/div>\n\t\t\t\t<\/div>\n\t\t\t\t<div class=\"elementor-element elementor-element-560bf98 elementor-widget elementor-widget-text-editor\" data-id=\"560bf98\" data-element_type=\"widget\" data-e-type=\"widget\" data-widget_type=\"text-editor.default\">\n\t\t\t\t<div class=\"elementor-widget-container\">\n\t\t\t\t\t\t\t\t\t<p>Ultima nata tra le vaniglie francesi, ne apprezziamo particolarmente gli aromi di caramello, liquirizia e il lato &#8220;fiori d&#8217;arancio&#8221;.<\/p>\n<p><em><strong>Applicazioni consigliate<\/strong><\/em> Dessert<\/p>\n\t\t\t\t\t\t\t\t<\/div>\n\t\t\t\t<\/div>\n\t\t\t\t<div class=\"elementor-element elementor-element-82574ab elementor-align-center elementor-widget elementor-widget-button\" data-id=\"82574ab\" data-element_type=\"widget\" data-e-type=\"widget\" data-widget_type=\"button.default\">\n\t\t\t\t<div class=\"elementor-widget-container\">\n\t\t\t\t\t\t\t\t\t<div class=\"elementor-button-wrapper\">\n\t\t\t\t\t<a class=\"elementor-button elementor-button-link elementor-size-lg\" href=\"https:\/\/mondevanille.com\/it\/prodotto\/nuova-caledonia-vaniglia\/\">\n\t\t\t\t\t\t<span class=\"elementor-button-content-wrapper\">\n\t\t\t\t\t\t<span class=\"elementor-button-icon\">\n\t\t\t\t<i aria-hidden=\"true\" class=\"novaicon shopping_bag-09\"><\/i>\t\t\t<\/span>\n\t\t\t\t\t\t\t\t\t<span class=\"elementor-button-text\">la nostra selezione<\/span>\n\t\t\t\t\t<\/span>\n\t\t\t\t\t<\/a>\n\t\t\t\t<\/div>\n\t\t\t\t\t\t\t\t<\/div>\n\t\t\t\t<\/div>\n\t\t\t\t\t<\/div>\n\t\t<\/div>\n\t\t\t\t\t<\/div>\n\t\t<\/div>\n\t\t\t\t<div class=\"elementor-section elementor-inner-section elementor-element elementor-element-dccebc7 elementor-section-boxed elementor-section-height-default elementor-section-height-default\" data-id=\"dccebc7\" data-element_type=\"section\" data-e-type=\"section\">\n\t\t\t\t\t\t<div class=\"elementor-container elementor-column-gap-default\">\n\t\t\t\t\t<div class=\"elementor-column elementor-col-100 elementor-inner-column elementor-element elementor-element-2b90d91\" data-id=\"2b90d91\" data-element_type=\"column\" data-e-type=\"column\">\n\t\t\t<div class=\"elementor-widget-wrap elementor-element-populated\">\n\t\t\t\t\t\t<div class=\"elementor-element elementor-element-8509645 elementor-widget elementor-widget-text-editor\" data-id=\"8509645\" data-element_type=\"widget\" data-e-type=\"widget\" data-widget_type=\"text-editor.default\">\n\t\t\t\t<div class=\"elementor-widget-container\">\n\t\t\t\t\t\t\t\t\t<p><strong>La nostra opinione  <\/strong><\/p>\n<p>A volte \u00e8 difficile reperire la vaniglia perch\u00e9 la produzione pu\u00f2 essere molto aleatoria. Tuttavia, questa vaniglia merita tutta la nostra attenzione con un interessante potenziale di sviluppo come tutte le produzioni francesi.<\/p>\n\t\t\t\t\t\t\t\t<\/div>\n\t\t\t\t<\/div>\n\t\t\t\t\t<\/div>\n\t\t<\/div>\n\t\t\t\t\t<\/div>\n\t\t<\/div>\n\t\t\t\t<div class=\"elementor-section elementor-inner-section elementor-element elementor-element-ced90de elementor-section-boxed elementor-section-height-default elementor-section-height-default\" data-id=\"ced90de\" data-element_type=\"section\" data-e-type=\"section\">\n\t\t\t\t\t\t<div class=\"elementor-container elementor-column-gap-default\">\n\t\t\t\t\t<div class=\"elementor-column elementor-col-50 elementor-inner-column elementor-element elementor-element-2b1a1ae\" data-id=\"2b1a1ae\" data-element_type=\"column\" data-e-type=\"column\" data-settings=\"{&quot;background_background&quot;:&quot;classic&quot;}\">\n\t\t\t<div class=\"elementor-widget-wrap elementor-element-populated\">\n\t\t\t\t\t\t<div class=\"elementor-element elementor-element-dfaec44 elementor-widget elementor-widget-heading\" data-id=\"dfaec44\" data-element_type=\"widget\" data-e-type=\"widget\" data-widget_type=\"heading.default\">\n\t\t\t\t<div class=\"elementor-widget-container\">\n\t\t\t\t\t<h2 class=\"elementor-heading-title elementor-size-default\"><br> Uganda, Madagascar nel mirino <\/h2>\t\t\t\t<\/div>\n\t\t\t\t<\/div>\n\t\t\t\t<div class=\"elementor-element elementor-element-ed9a845 elementor-widget elementor-widget-text-editor\" data-id=\"ed9a845\" data-element_type=\"widget\" data-e-type=\"widget\" data-widget_type=\"text-editor.default\">\n\t\t\t\t<div class=\"elementor-widget-container\">\n\t\t\t\t\t\t\t\t\t<p>Il mercato \u00e8 assorbito principalmente da un famoso gigante mondiale delle bevande gassate, si tratta di una vaniglia Planifolia vicina al Madagascar senza avere la stessa finezza aromatica. I baccelli sono fini, con un aroma pi\u00f9 piccante rispetto al Madagascar.<\/p>\n<p><em><br \/>\n  <strong>Applicazioni consigliate<\/strong><br \/>\n<\/em><strong> Dessert <\/strong>, piatti caldi, salsa<\/p>\n\t\t\t\t\t\t\t\t<\/div>\n\t\t\t\t<\/div>\n\t\t\t\t<div class=\"elementor-element elementor-element-dadbbe2 elementor-align-center elementor-widget elementor-widget-button\" data-id=\"dadbbe2\" data-element_type=\"widget\" data-e-type=\"widget\" data-widget_type=\"button.default\">\n\t\t\t\t<div class=\"elementor-widget-container\">\n\t\t\t\t\t\t\t\t\t<div class=\"elementor-button-wrapper\">\n\t\t\t\t\t<a class=\"elementor-button elementor-button-link elementor-size-lg\" href=\"https:\/\/mondevanille.com\/it\/prodotto\/uganda-vaniglia-pod\/\">\n\t\t\t\t\t\t<span class=\"elementor-button-content-wrapper\">\n\t\t\t\t\t\t<span class=\"elementor-button-icon\">\n\t\t\t\t<i aria-hidden=\"true\" class=\"novaicon shopping_bag-09\"><\/i>\t\t\t<\/span>\n\t\t\t\t\t\t\t\t\t<span class=\"elementor-button-text\">la nostra selezione<\/span>\n\t\t\t\t\t<\/span>\n\t\t\t\t\t<\/a>\n\t\t\t\t<\/div>\n\t\t\t\t\t\t\t\t<\/div>\n\t\t\t\t<\/div>\n\t\t\t\t\t<\/div>\n\t\t<\/div>\n\t\t\t\t<div class=\"elementor-column elementor-col-50 elementor-inner-column elementor-element elementor-element-2c75284\" data-id=\"2c75284\" data-element_type=\"column\" data-e-type=\"column\">\n\t\t\t<div class=\"elementor-widget-wrap elementor-element-populated\">\n\t\t\t\t\t\t<div class=\"elementor-element elementor-element-bf03814 elementor-widget elementor-widget-image\" data-id=\"bf03814\" data-element_type=\"widget\" data-e-type=\"widget\" data-widget_type=\"image.default\">\n\t\t\t\t<div class=\"elementor-widget-container\">\n\t\t\t\t\t\t\t\t\t\t\t\t\t\t\t<img loading=\"lazy\" decoding=\"async\" width=\"1000\" height=\"1010\" src=\"https:\/\/mondevanille.com\/wp-content\/uploads\/2022\/05\/ouganda-5.png\" class=\"attachment-large size-large wp-image-15346 wvs-archive-product-image\" alt=\"Paesaggio ugandese agricoltura alla vaniglia\" srcset=\"https:\/\/mondevanille.com\/wp-content\/uploads\/2022\/05\/ouganda-5.png 1000w, https:\/\/mondevanille.com\/wp-content\/uploads\/2022\/05\/ouganda-5-297x300.png 297w, https:\/\/mondevanille.com\/wp-content\/uploads\/2022\/05\/ouganda-5-768x776.png 768w, https:\/\/mondevanille.com\/wp-content\/uploads\/2022\/05\/ouganda-5-100x100.png 100w, https:\/\/mondevanille.com\/wp-content\/uploads\/2022\/05\/ouganda-5-50x50.png 50w\" sizes=\"(max-width: 1000px) 100vw, 1000px\" \/>\t\t\t\t\t\t\t\t\t\t\t\t\t\t\t<\/div>\n\t\t\t\t<\/div>\n\t\t\t\t\t<\/div>\n\t\t<\/div>\n\t\t\t\t\t<\/div>\n\t\t<\/div>\n\t\t\t\t<div class=\"elementor-section elementor-inner-section elementor-element elementor-element-6ef81c8 elementor-section-boxed elementor-section-height-default elementor-section-height-default\" data-id=\"6ef81c8\" data-element_type=\"section\" data-e-type=\"section\">\n\t\t\t\t\t\t<div class=\"elementor-container elementor-column-gap-default\">\n\t\t\t\t\t<div class=\"elementor-column elementor-col-100 elementor-inner-column elementor-element elementor-element-fb283c4\" data-id=\"fb283c4\" data-element_type=\"column\" data-e-type=\"column\">\n\t\t\t<div class=\"elementor-widget-wrap elementor-element-populated\">\n\t\t\t\t\t\t<div class=\"elementor-element elementor-element-87f5c43 elementor-widget elementor-widget-text-editor\" data-id=\"87f5c43\" data-element_type=\"widget\" data-e-type=\"widget\" data-widget_type=\"text-editor.default\">\n\t\t\t\t<div class=\"elementor-widget-container\">\n\t\t\t\t\t\t\t\t\t<p><strong>La nostra opinione  <\/strong><\/p>\n<p>Nella tradizione delle vaniglie della Papua Nuova Guinea, ma senza eguagliarla, un&#8217;origine con un ottimo rapporto qualit\u00e0-prezzo.<\/p>\n\t\t\t\t\t\t\t\t<\/div>\n\t\t\t\t<\/div>\n\t\t\t\t\t<\/div>\n\t\t<\/div>\n\t\t\t\t\t<\/div>\n\t\t<\/div>\n\t\t\t\t\t<\/div>\n\t\t<\/div>\n\t\t\t\t\t<\/div>\n\t\t<\/div>\n\t\t\t\t<div class=\"elementor-section elementor-top-section elementor-element elementor-element-13ab8fd elementor-section-boxed elementor-section-height-default elementor-section-height-default\" data-id=\"13ab8fd\" data-element_type=\"section\" data-e-type=\"section\">\n\t\t\t\t\t\t<div class=\"elementor-container elementor-column-gap-default\">\n\t\t\t\t\t<div class=\"elementor-column elementor-col-100 elementor-top-column elementor-element elementor-element-f69da5c\" data-id=\"f69da5c\" data-element_type=\"column\" data-e-type=\"column\">\n\t\t\t<div class=\"elementor-widget-wrap elementor-element-populated\">\n\t\t\t\t\t\t<div class=\"elementor-element elementor-element-edbbdcc elementor-widget-divider--view-line elementor-widget elementor-widget-divider\" data-id=\"edbbdcc\" data-element_type=\"widget\" data-e-type=\"widget\" data-widget_type=\"divider.default\">\n\t\t\t\t<div class=\"elementor-widget-container\">\n\t\t\t\t\t\t\t<div class=\"elementor-divider\">\n\t\t\t<span class=\"elementor-divider-separator\">\n\t\t\t\t\t\t<\/span>\n\t\t<\/div>\n\t\t\t\t\t\t<\/div>\n\t\t\t\t<\/div>\n\t\t\t\t<div class=\"elementor-element elementor-element-d3b9f64 elementor-widget elementor-widget-heading\" data-id=\"d3b9f64\" data-element_type=\"widget\" data-e-type=\"widget\" data-widget_type=\"heading.default\">\n\t\t\t\t<div class=\"elementor-widget-container\">\n\t\t\t\t\t<h2 class=\"elementor-heading-title elementor-size-default\">Per maggiori informazioni su Vanilla<\/h2>\t\t\t\t<\/div>\n\t\t\t\t<\/div>\n\t\t\t\t<div class=\"elementor-element elementor-element-8b5e2d8 elementor-grid-3 elementor-grid-tablet-2 elementor-grid-mobile-1 elementor-posts--thumbnail-top elementor-card-shadow-yes elementor-posts__hover-gradient elementor-widget elementor-widget-posts\" data-id=\"8b5e2d8\" data-element_type=\"widget\" data-e-type=\"widget\" data-settings=\"{&quot;cards_columns&quot;:&quot;3&quot;,&quot;cards_columns_tablet&quot;:&quot;2&quot;,&quot;cards_columns_mobile&quot;:&quot;1&quot;,&quot;cards_row_gap&quot;:{&quot;unit&quot;:&quot;px&quot;,&quot;size&quot;:35,&quot;sizes&quot;:[]},&quot;cards_row_gap_laptop&quot;:{&quot;unit&quot;:&quot;px&quot;,&quot;size&quot;:&quot;&quot;,&quot;sizes&quot;:[]},&quot;cards_row_gap_tablet&quot;:{&quot;unit&quot;:&quot;px&quot;,&quot;size&quot;:&quot;&quot;,&quot;sizes&quot;:[]},&quot;cards_row_gap_mobile_extra&quot;:{&quot;unit&quot;:&quot;px&quot;,&quot;size&quot;:&quot;&quot;,&quot;sizes&quot;:[]},&quot;cards_row_gap_mobile&quot;:{&quot;unit&quot;:&quot;px&quot;,&quot;size&quot;:&quot;&quot;,&quot;sizes&quot;:[]}}\" data-widget_type=\"posts.cards\">\n\t\t\t\t<div class=\"elementor-widget-container\">\n\t\t\t\t\t\t\t<div class=\"elementor-posts-container elementor-posts elementor-posts--skin-cards elementor-grid\" role=\"list\">\n\t\t\t\t<article class=\"elementor-post elementor-grid-item post-57920 post type-post status-publish format-standard has-post-thumbnail hentry category-origini-della-vaniglia\" role=\"listitem\">\n\t\t\t<div class=\"elementor-post__card\">\n\t\t\t\t<a class=\"elementor-post__thumbnail__link\" href=\"https:\/\/mondevanille.com\/it\/sapori-dalle-principali-origini-della-vaniglia\/\" tabindex=\"-1\" ><div class=\"elementor-post__thumbnail\"><img loading=\"lazy\" decoding=\"async\" width=\"2048\" height=\"2048\" src=\"https:\/\/mondevanille.com\/wp-content\/uploads\/2024\/08\/Fleur-de-Vanille-Gousse.webp\" class=\"attachment-full size-full wp-image-57913 wvs-archive-product-image\" alt=\"Fiore di vaniglia Baccello di vaniglia\" srcset=\"https:\/\/mondevanille.com\/wp-content\/uploads\/2024\/08\/Fleur-de-Vanille-Gousse.webp 2048w, https:\/\/mondevanille.com\/wp-content\/uploads\/2024\/08\/Fleur-de-Vanille-Gousse-600x600.webp 600w, https:\/\/mondevanille.com\/wp-content\/uploads\/2024\/08\/Fleur-de-Vanille-Gousse-1024x1024.webp 1024w, https:\/\/mondevanille.com\/wp-content\/uploads\/2024\/08\/Fleur-de-Vanille-Gousse-150x150.webp 150w, https:\/\/mondevanille.com\/wp-content\/uploads\/2024\/08\/Fleur-de-Vanille-Gousse-768x768.webp 768w, https:\/\/mondevanille.com\/wp-content\/uploads\/2024\/08\/Fleur-de-Vanille-Gousse-1536x1536.webp 1536w, https:\/\/mondevanille.com\/wp-content\/uploads\/2024\/08\/Fleur-de-Vanille-Gousse-1000x1000.webp 1000w, https:\/\/mondevanille.com\/wp-content\/uploads\/2024\/08\/Fleur-de-Vanille-Gousse-100x100.webp 100w, https:\/\/mondevanille.com\/wp-content\/uploads\/2024\/08\/Fleur-de-Vanille-Gousse-50x50.webp 50w, https:\/\/mondevanille.com\/wp-content\/uploads\/2024\/08\/Fleur-de-Vanille-Gousse-64x64.webp 64w\" sizes=\"(max-width: 2048px) 100vw, 2048px\" \/><\/div><\/a>\n\t\t\t\t<div class=\"elementor-post__text\">\n\t\t\t\t<h3 class=\"elementor-post__title\">\n\t\t\t<a href=\"https:\/\/mondevanille.com\/it\/sapori-dalle-principali-origini-della-vaniglia\/\" >\n\t\t\t\tSAPORI DELLE PRINCIPALI ORIGINI DELLA VANIGLIA\t\t\t<\/a>\n\t\t<\/h3>\n\t\t\n\t\t<a class=\"elementor-post__read-more\" href=\"https:\/\/mondevanille.com\/it\/sapori-dalle-principali-origini-della-vaniglia\/\" aria-label=\"Leggi tutto SAPORI DELLE PRINCIPALI ORIGINI DELLA VANIGLIA\" tabindex=\"-1\" >\n\t\t\tPer saperne di pi\u00f9 \"\t\t<\/a>\n\n\t\t\t\t<\/div>\n\t\t\t\t\t<\/div>\n\t\t<\/article>\n\t\t\t\t<article class=\"elementor-post elementor-grid-item post-12014 post type-post status-publish format-standard has-post-thumbnail hentry category-origini-della-vaniglia\" role=\"listitem\">\n\t\t\t<div class=\"elementor-post__card\">\n\t\t\t\t<a class=\"elementor-post__thumbnail__link\" href=\"https:\/\/mondevanille.com\/it\/storia-ed-espansione-della-vaniglia-nel-mondo\/\" tabindex=\"-1\" ><div class=\"elementor-post__thumbnail\"><img loading=\"lazy\" decoding=\"async\" width=\"720\" height=\"1176\" src=\"https:\/\/mondevanille.com\/wp-content\/uploads\/2022\/05\/young-albius.webp\" class=\"attachment-full size-full wp-image-8988 wvs-archive-product-image\" alt=\"Edmond Albius Jeune\" srcset=\"https:\/\/mondevanille.com\/wp-content\/uploads\/2022\/05\/young-albius.webp 720w, https:\/\/mondevanille.com\/wp-content\/uploads\/2022\/05\/young-albius-184x300.webp 184w, https:\/\/mondevanille.com\/wp-content\/uploads\/2022\/05\/young-albius-627x1024.webp 627w, https:\/\/mondevanille.com\/wp-content\/uploads\/2022\/05\/young-albius-59x96.webp 59w, https:\/\/mondevanille.com\/wp-content\/uploads\/2022\/05\/young-albius-26x42.webp 26w\" sizes=\"(max-width: 720px) 100vw, 720px\" \/><\/div><\/a>\n\t\t\t\t<div class=\"elementor-post__text\">\n\t\t\t\t<h3 class=\"elementor-post__title\">\n\t\t\t<a href=\"https:\/\/mondevanille.com\/it\/storia-ed-espansione-della-vaniglia-nel-mondo\/\" >\n\t\t\t\tStoria ed espansione della vaniglia nel mondo\t\t\t<\/a>\n\t\t<\/h3>\n\t\t\n\t\t<a class=\"elementor-post__read-more\" href=\"https:\/\/mondevanille.com\/it\/storia-ed-espansione-della-vaniglia-nel-mondo\/\" aria-label=\"Leggi tutto Storia ed espansione della vaniglia nel mondo\" tabindex=\"-1\" >\n\t\t\tPer saperne di pi\u00f9 \"\t\t<\/a>\n\n\t\t\t\t<\/div>\n\t\t\t\t\t<\/div>\n\t\t<\/article>\n\t\t\t\t<article class=\"elementor-post elementor-grid-item post-55582 post type-post status-publish format-standard has-post-thumbnail hentry category-ricetta-di-cucina tag-ricetta-alla-vaniglia\" role=\"listitem\">\n\t\t\t<div class=\"elementor-post__card\">\n\t\t\t\t<a class=\"elementor-post__thumbnail__link\" href=\"https:\/\/mondevanille.com\/it\/creme-anglaise-a-la-vanille-de-tahiti-2\/\" tabindex=\"-1\" ><div class=\"elementor-post__thumbnail\"><img loading=\"lazy\" decoding=\"async\" width=\"644\" height=\"966\" src=\"https:\/\/mondevanille.com\/wp-content\/uploads\/2024\/04\/Creme-Anglaise-1-1.webp\" class=\"attachment-full size-full wp-image-55555 wvs-archive-product-image\" alt=\"Cr\u00e8me Anglaise con vaniglia di Tahiti\" \/><\/div><\/a>\n\t\t\t\t<div class=\"elementor-post__text\">\n\t\t\t\t<h3 class=\"elementor-post__title\">\n\t\t\t<a href=\"https:\/\/mondevanille.com\/it\/creme-anglaise-a-la-vanille-de-tahiti-2\/\" >\n\t\t\t\tCr\u00e8me Anglaise con semi di vaniglia di Tahiti\t\t\t<\/a>\n\t\t<\/h3>\n\t\t\n\t\t<a class=\"elementor-post__read-more\" href=\"https:\/\/mondevanille.com\/it\/creme-anglaise-a-la-vanille-de-tahiti-2\/\" aria-label=\"Leggi tutto Cr\u00e8me Anglaise con semi di vaniglia di Tahiti\" tabindex=\"-1\" >\n\t\t\tPer saperne di pi\u00f9 \"\t\t<\/a>\n\n\t\t\t\t<\/div>\n\t\t\t\t\t<\/div>\n\t\t<\/article>\n\t\t\t\t<\/div>\n\t\t\n\t\t\t\t\t\t<\/div>\n\t\t\t\t<\/div>\n\t\t\t\t\t<\/div>\n\t\t<\/div>\n\t\t\t\t\t<\/div>\n\t\t<\/div>\n\t\t\t\t<\/div>\n\t\t","protected":false},"excerpt":{"rendered":"<p>Se vanillina gioca un ruolo importante nella nostra percezione della vaniglia, \u00e8 tuttavia solo la nota dominante e quella pi\u00f9 facilmente percepibile dai nostri nasi profani. Le condizioni di coltivazione, i parametri climatici, i metodi di preparazione, il periodo di raccolta, la vaniglia \u00e8 un prodotto naturale che pu\u00f2 presentare differenze significative tra la vaniglia della stessa fonte. Come per<\/p>\n","protected":false},"author":3,"featured_media":16616,"comment_status":"closed","ping_status":"open","sticky":false,"template":"","format":"standard","meta":{"footnotes":""},"categories":[285],"tags":[],"class_list":["post-12005","post","type-post","status-publish","format-standard","has-post-thumbnail","hentry","category-origini-della-vaniglia"],"aioseo_notices":[],"_links":{"self":[{"href":"https:\/\/mondevanille.com\/it\/wp-json\/wp\/v2\/posts\/12005","targetHints":{"allow":["GET"]}}],"collection":[{"href":"https:\/\/mondevanille.com\/it\/wp-json\/wp\/v2\/posts"}],"about":[{"href":"https:\/\/mondevanille.com\/it\/wp-json\/wp\/v2\/types\/post"}],"author":[{"embeddable":true,"href":"https:\/\/mondevanille.com\/it\/wp-json\/wp\/v2\/users\/3"}],"replies":[{"embeddable":true,"href":"https:\/\/mondevanille.com\/it\/wp-json\/wp\/v2\/comments?post=12005"}],"version-history":[{"count":0,"href":"https:\/\/mondevanille.com\/it\/wp-json\/wp\/v2\/posts\/12005\/revisions"}],"wp:featuredmedia":[{"embeddable":true,"href":"https:\/\/mondevanille.com\/it\/wp-json\/wp\/v2\/media\/16616"}],"wp:attachment":[{"href":"https:\/\/mondevanille.com\/it\/wp-json\/wp\/v2\/media?parent=12005"}],"wp:term":[{"taxonomy":"category","embeddable":true,"href":"https:\/\/mondevanille.com\/it\/wp-json\/wp\/v2\/categories?post=12005"},{"taxonomy":"post_tag","embeddable":true,"href":"https:\/\/mondevanille.com\/it\/wp-json\/wp\/v2\/tags?post=12005"}],"curies":[{"name":"wp","href":"https:\/\/api.w.org\/{rel}","templated":true}]}}