{"id":8298,"date":"2022-05-04T16:13:31","date_gmt":"2022-05-04T14:13:31","guid":{"rendered":"http:\/\/mondevanille.com\/cose-una-buona-vaniglia\/"},"modified":"2024-05-30T09:13:56","modified_gmt":"2024-05-30T07:13:56","slug":"cest-che-buona-vaniglia","status":"publish","type":"post","link":"https:\/\/mondevanille.com\/it\/cest-che-buona-vaniglia\/","title":{"rendered":"Che cos&#8217;\u00e8 una buona vaniglia?"},"content":{"rendered":"\t\t<div data-elementor-type=\"wp-post\" data-elementor-id=\"8298\" class=\"elementor elementor-8298 elementor-8288\" data-elementor-post-type=\"post\">\n\t\t\t\t\t\t<div class=\"elementor-section elementor-top-section elementor-element elementor-element-7e25de8 elementor-section-boxed elementor-section-height-default elementor-section-height-default\" data-id=\"7e25de8\" data-element_type=\"section\" data-e-type=\"section\" data-settings=\"{&quot;background_background&quot;:&quot;gradient&quot;}\">\n\t\t\t\t\t\t<div class=\"elementor-container elementor-column-gap-default\">\n\t\t\t\t\t<div class=\"elementor-column elementor-col-100 elementor-top-column elementor-element elementor-element-8a5ceda\" data-id=\"8a5ceda\" data-element_type=\"column\" data-e-type=\"column\">\n\t\t\t<div class=\"elementor-widget-wrap elementor-element-populated\">\n\t\t\t\t\t\t<div class=\"elementor-element elementor-element-95272aa elementor-widget elementor-widget-text-editor\" data-id=\"95272aa\" data-element_type=\"widget\" data-e-type=\"widget\" data-widget_type=\"text-editor.default\">\n\t\t\t\t<div class=\"elementor-widget-container\">\n\t\t\t\t\t\t\t\t\t<p style=\"text-align: center;\">Non parleremo qui nel dettaglio <strong>dell&#8217;origine<\/strong> , del metodo di preparazione o dei terroir, parametri che necessariamente influenzano il <strong>sapore della vaniglia,<\/strong> ma soffermiamoci per\u00f2 su alcune generalit\u00e0 permettendovi di fare la scelta giusta sui vostri <strong>baccelli di vaniglia<\/strong> .<\/p>\n\t\t\t\t\t\t\t\t<\/div>\n\t\t\t\t<\/div>\n\t\t\t\t\t<\/div>\n\t\t<\/div>\n\t\t\t\t\t<\/div>\n\t\t<\/div>\n\t\t\t\t<div class=\"elementor-section elementor-top-section elementor-element elementor-element-6b746b9 elementor-section-boxed elementor-section-height-default elementor-section-height-default\" data-id=\"6b746b9\" data-element_type=\"section\" data-e-type=\"section\" data-settings=\"{&quot;background_background&quot;:&quot;classic&quot;}\">\n\t\t\t\t\t\t<div class=\"elementor-container elementor-column-gap-default\">\n\t\t\t\t\t<div class=\"elementor-column elementor-col-50 elementor-top-column elementor-element elementor-element-51cd632\" data-id=\"51cd632\" data-element_type=\"column\" data-e-type=\"column\" data-settings=\"{&quot;background_background&quot;:&quot;classic&quot;}\">\n\t\t\t<div class=\"elementor-widget-wrap elementor-element-populated\">\n\t\t\t\t\t\t<div class=\"elementor-element elementor-element-25a9b91 elementor-widget elementor-widget-text-editor\" data-id=\"25a9b91\" data-element_type=\"widget\" data-e-type=\"widget\" data-widget_type=\"text-editor.default\">\n\t\t\t\t<div class=\"elementor-widget-container\">\n\t\t\t\t\t\t\t\t\t<p>Baccelli spaccati, vaniglia screziata, deformazioni, scarificazioni naturali dovute a insetti o scarificazioni manuali dovute alla marcatura dei lavoratori in <a href=\"https:\/\/mondevanille.com\/it\/prodotto\/vaniglia-del-madagascar\/\">Madagascar<\/a>, proprio come i frutti e gli ortaggi noti come &#8221;&nbsp;brutti&nbsp;&#8221; e commestibili almeno quanto quelli &#8221;&nbsp;standardizzati e classificati&nbsp;&#8220;, anche la vaniglia pu\u00f2 presentare numerose irregolarit\u00e0.<\/p>\n<p>Questi difetti, maggiori o minori, hanno un impatto sulla qualit\u00e0 dei baccelli&nbsp;? e questi baccelli di vaniglia sono inadatti al consumo o anche semplicemente meno aromatici?&nbsp;<\/p>\t\t\t\t\t\t\t\t<\/div>\n\t\t\t\t<\/div>\n\t\t\t\t\t<\/div>\n\t\t<\/div>\n\t\t\t\t<div class=\"elementor-column elementor-col-50 elementor-top-column elementor-element elementor-element-b084d91\" data-id=\"b084d91\" data-element_type=\"column\" data-e-type=\"column\" data-settings=\"{&quot;background_background&quot;:&quot;classic&quot;}\">\n\t\t\t<div class=\"elementor-widget-wrap elementor-element-populated\">\n\t\t\t\t\t\t<div class=\"elementor-element elementor-element-0ce55c1 elementor-widget elementor-widget-image\" data-id=\"0ce55c1\" data-element_type=\"widget\" data-e-type=\"widget\" data-widget_type=\"image.default\">\n\t\t\t\t<div class=\"elementor-widget-container\">\n\t\t\t\t\t\t\t\t\t\t\t\t\t\t\t<img fetchpriority=\"high\" decoding=\"async\" width=\"1024\" height=\"593\" src=\"https:\/\/mondevanille.com\/wp-content\/uploads\/2022\/05\/IMG_0059.png\" class=\"attachment-large size-large wp-image-8316 wvs-archive-product-image\" alt=\"Fagiolo di vaniglia\" \/>\t\t\t\t\t\t\t\t\t\t\t\t\t\t\t<\/div>\n\t\t\t\t<\/div>\n\t\t\t\t\t<\/div>\n\t\t<\/div>\n\t\t\t\t\t<\/div>\n\t\t<\/div>\n\t\t\t\t<div class=\"elementor-section elementor-top-section elementor-element elementor-element-e739068 elementor-reverse-mobile_extra elementor-reverse-mobile elementor-section-boxed elementor-section-height-default elementor-section-height-default\" data-id=\"e739068\" data-element_type=\"section\" data-e-type=\"section\" data-settings=\"{&quot;background_background&quot;:&quot;classic&quot;}\">\n\t\t\t\t\t\t<div class=\"elementor-container elementor-column-gap-default\">\n\t\t\t\t\t<div class=\"elementor-column elementor-col-50 elementor-top-column elementor-element elementor-element-5c6bd65\" data-id=\"5c6bd65\" data-element_type=\"column\" data-e-type=\"column\" data-settings=\"{&quot;background_background&quot;:&quot;classic&quot;}\">\n\t\t\t<div class=\"elementor-widget-wrap elementor-element-populated\">\n\t\t\t\t\t\t<div class=\"elementor-element elementor-element-1030bac elementor-widget elementor-widget-spacer\" data-id=\"1030bac\" data-element_type=\"widget\" data-e-type=\"widget\" data-widget_type=\"spacer.default\">\n\t\t\t\t<div class=\"elementor-widget-container\">\n\t\t\t\t\t\t\t<div class=\"elementor-spacer\">\n\t\t\t<div class=\"elementor-spacer-inner\"><\/div>\n\t\t<\/div>\n\t\t\t\t\t\t<\/div>\n\t\t\t\t<\/div>\n\t\t\t\t\t<\/div>\n\t\t<\/div>\n\t\t\t\t<div class=\"elementor-column elementor-col-50 elementor-top-column elementor-element elementor-element-ed766ca\" data-id=\"ed766ca\" data-element_type=\"column\" data-e-type=\"column\" data-settings=\"{&quot;background_background&quot;:&quot;classic&quot;}\">\n\t\t\t<div class=\"elementor-widget-wrap elementor-element-populated\">\n\t\t\t\t\t\t<div class=\"elementor-element elementor-element-52c6b8d elementor-widget elementor-widget-heading\" data-id=\"52c6b8d\" data-element_type=\"widget\" data-e-type=\"widget\" data-widget_type=\"heading.default\">\n\t\t\t\t<div class=\"elementor-widget-container\">\n\t\t\t\t\t<h2 class=\"elementor-heading-title elementor-size-large\">Aromi e sapori di vaniglia<\/h2>\t\t\t\t<\/div>\n\t\t\t\t<\/div>\n\t\t\t\t<div class=\"elementor-element elementor-element-4a7f9e9 elementor-widget elementor-widget-text-editor\" data-id=\"4a7f9e9\" data-element_type=\"widget\" data-e-type=\"widget\" data-widget_type=\"text-editor.default\">\n\t\t\t\t<div class=\"elementor-widget-container\">\n\t\t\t\t\t\t\t\t\t<p style=\"font-size: 14px;\">Cos\u00ec come non esiste un vino, ma piuttosto dei vini, personalizzati da vitigni e terroir, anche <strong> <a href=\"https:\/\/mondevanille.com\/nos-vanilles\/\">la vaniglia<\/a><\/strong> non pu\u00f2 sfuggire alla pluralit\u00e0 e alle sfumature degli <strong>aromi<\/strong>. Qualitativamente <strong>il profumo<\/strong> non \u00e8 misurabile e il suo apprezzamento sar\u00e0 molto soggettivo, tuttavia una buona vaniglia non dovrebbe rilasciare odore di fermentazione, creosoto o di tipo alcolico (fenolo). <\/p>\n<p style=\"font-size: 14px;\">Senza cadere nell&#8217;eccesso di un catalogo \u00e0 la Pr\u00e9vert, alcune generalit\u00e0 ci sono essenziali nonostante tutto:<\/p>\n<p style=\"font-size: 14px;\"><span style=\"color: var( --e-global-color-text ); background-color: var( --e-global-color-5c8bb74 ); font-family: var(--site-main-font);\">Mentre molti professionisti usano<a href=\"https:\/\/mondevanille.com\/nos-vanilles\/\"><strong>  vaniglia<\/strong><\/a>  come indicatore aromatico o olfattivo per descrivere i loro prodotti (ad esempio viticoltura, arboricoltura), gli attori del settore della vaniglia hanno anche cercato di descrivere nel modo pi\u00f9 preciso possibile i diversi  <strong>sfumature e caratteristiche<\/strong>  che rende unica ogni variet\u00e0 e origine di vaniglia.<\/span><\/p>\n<p style=\"font-size: 14px;\">Cos\u00ec, qua e l\u00e0, in particolare su Internet, vediamo <strong>una profusione di confronti in cui i baccelli non sono pi\u00f9 vaniglia ma &#8220;macedonia&#8221;<\/strong> con infinite note di frutti rossi (lamponi, ribes, more, mirtilli, ecc.). Fermiamoci qui con questi grotteschi e interminabili paragoni perch\u00e9 <strong>una buona vaniglia deve soprattutto identificarsi come tale<\/strong> ed emanare un franco odore di\u2026 vaniglia.<\/p>\n<p style=\"font-size: 14px;\">Senza cadere negli eccessi di cui sopra, una<strong>Note aromatiche sottili e discrete<\/strong>  possono infatti rivelarsi all&#8217;olfatto a seconda dell&#8217;origine botanica, della provenienza e del know-how del preparatore (ad esempio: nota di prugne per  <a href=\"https:\/\/mondevanille.com\/it\/prodotto\/tahiti-vaniglia\/\">Tahiti<\/a>anice per la vaniglia di  <a href=\"https:\/\/mondevanille.com\/it\/prodotto\/vaniglia-della-nuova-guinea\/\">Nuova Guinea<\/a>  o di cacao per la planifolia del Madagascar o del Messico), ma in cucina e a meno che non si forzi la dose una buona parte di queste  <strong>aromi<\/strong>  saranno oggettivamente annegati nella ricetta.<\/p>\n<p style=\"font-size: 14px;\">Per chiudere questo capitolo sul <strong>profumo<\/strong> , ricordiamo inoltre che anche i baccelli di vaniglia venduti come &#8220;freschi&#8221; fanno parte delle tante sciocchezze ampiamente diffuse su internet. Poich\u00e9 la vaniglia deve per sua natura essere &#8221; <strong>raffinata<\/strong> &#8221; (quindi invecchiata) per sviluppare i suoi aromi, non \u00e8 utile considerare questo argomento come rilevante al momento dell&#8217;acquisto.<\/p>\n\t\t\t\t\t\t\t\t<\/div>\n\t\t\t\t<\/div>\n\t\t\t\t\t<\/div>\n\t\t<\/div>\n\t\t\t\t\t<\/div>\n\t\t<\/div>\n\t\t\t\t<div class=\"elementor-section elementor-top-section elementor-element elementor-element-316bbd1 elementor-section-boxed elementor-section-height-default elementor-section-height-default\" data-id=\"316bbd1\" data-element_type=\"section\" data-e-type=\"section\" data-settings=\"{&quot;background_background&quot;:&quot;classic&quot;}\">\n\t\t\t\t\t\t<div class=\"elementor-container elementor-column-gap-default\">\n\t\t\t\t\t<div class=\"elementor-column elementor-col-50 elementor-top-column elementor-element elementor-element-4069a87\" data-id=\"4069a87\" data-element_type=\"column\" data-e-type=\"column\" data-settings=\"{&quot;background_background&quot;:&quot;classic&quot;}\">\n\t\t\t<div class=\"elementor-widget-wrap elementor-element-populated\">\n\t\t\t\t\t\t<div class=\"elementor-element elementor-element-c0dd6a1 elementor-widget elementor-widget-heading\" data-id=\"c0dd6a1\" data-element_type=\"widget\" data-e-type=\"widget\" data-widget_type=\"heading.default\">\n\t\t\t\t<div class=\"elementor-widget-container\">\n\t\t\t\t\t<h2 class=\"elementor-heading-title elementor-size-default\">Il colore dei baccelli di vaniglia<\/h2>\t\t\t\t<\/div>\n\t\t\t\t<\/div>\n\t\t\t\t<div class=\"elementor-element elementor-element-336e763 elementor-widget elementor-widget-text-editor\" data-id=\"336e763\" data-element_type=\"widget\" data-e-type=\"widget\" data-widget_type=\"text-editor.default\">\n\t\t\t\t<div class=\"elementor-widget-container\">\n\t\t\t\t\t\t\t\t\t<p style=\"font-size: 14px;\"><strong>Il colore della vaniglia<\/strong> ha poca importanza in quanto \u00e8 vero che le regioni produttrici cos\u00ec come le variet\u00e0 <strong>botaniche<\/strong> e le diverse modalit\u00e0 di preparazione variano questo parametro. Tuttavia possiamo essere d&#8217;accordo nel dire che il colore varia dal castano chiaro al marrone scuro al nero, per sfumatura diremo pi\u00f9 o meno cioccolato. Personalmente si tende a prediligere i <strong>baccelli di colore &#8220;ebano&#8221;<\/strong> , segno di un affinamento al sole sufficientemente lungo e preciso da consentire uno sviluppo ottimale degli aromi.<\/p>\n<p style=\"font-size: 14px;\">Un baccello troppo secco, o addirittura fragile, che rivela sottili <strong>striature rossastre<\/strong> indica vaniglia mal preparata, mal confezionato o frutti raccolti prima della fase di maturazione, o anche semplicemente vaniglia prossima alla sua data di scadenza e quindi potenzialmente a basso contenuto di <strong>vanillina<\/strong> pi\u00f9 elevato. Tuttavia, e per precisare il punto, una vaniglia leggermente marmorizzata o semplicemente rossa, ma avendo mantenuto la sua morbidezza e i suoi aromi, pu\u00f2 risultare interessante quanto una vaniglia nera (es: vaniglia chiamata TK per Madagascar). <\/p>\n\t\t\t\t\t\t\t\t<\/div>\n\t\t\t\t<\/div>\n\t\t\t\t\t<\/div>\n\t\t<\/div>\n\t\t\t\t<div class=\"elementor-column elementor-col-50 elementor-top-column elementor-element elementor-element-0c7fe2f\" data-id=\"0c7fe2f\" data-element_type=\"column\" data-e-type=\"column\" data-settings=\"{&quot;background_background&quot;:&quot;classic&quot;}\">\n\t\t\t<div class=\"elementor-widget-wrap elementor-element-populated\">\n\t\t\t\t\t\t<div class=\"elementor-element elementor-element-1200e0a elementor-widget elementor-widget-spacer\" data-id=\"1200e0a\" data-element_type=\"widget\" data-e-type=\"widget\" data-widget_type=\"spacer.default\">\n\t\t\t\t<div class=\"elementor-widget-container\">\n\t\t\t\t\t\t\t<div class=\"elementor-spacer\">\n\t\t\t<div class=\"elementor-spacer-inner\"><\/div>\n\t\t<\/div>\n\t\t\t\t\t\t<\/div>\n\t\t\t\t<\/div>\n\t\t\t\t\t<\/div>\n\t\t<\/div>\n\t\t\t\t\t<\/div>\n\t\t<\/div>\n\t\t\t\t<div class=\"elementor-section elementor-top-section elementor-element elementor-element-f7cc35e elementor-reverse-mobile_extra elementor-reverse-mobile elementor-section-boxed elementor-section-height-default elementor-section-height-default\" data-id=\"f7cc35e\" data-element_type=\"section\" data-e-type=\"section\" data-settings=\"{&quot;background_background&quot;:&quot;classic&quot;}\">\n\t\t\t\t\t\t<div class=\"elementor-container elementor-column-gap-default\">\n\t\t\t\t\t<div class=\"elementor-column elementor-col-50 elementor-top-column elementor-element elementor-element-5283232\" data-id=\"5283232\" data-element_type=\"column\" data-e-type=\"column\" data-settings=\"{&quot;background_background&quot;:&quot;classic&quot;}\">\n\t\t\t<div class=\"elementor-widget-wrap elementor-element-populated\">\n\t\t\t\t\t\t<div class=\"elementor-element elementor-element-273fb5c elementor-widget elementor-widget-image\" data-id=\"273fb5c\" data-element_type=\"widget\" data-e-type=\"widget\" data-widget_type=\"image.default\">\n\t\t\t\t<div class=\"elementor-widget-container\">\n\t\t\t\t\t\t\t\t\t\t\t\t<figure class=\"wp-caption\">\n\t\t\t\t\t\t\t\t\t\t<img decoding=\"async\" width=\"1024\" height=\"487\" src=\"https:\/\/mondevanille.com\/wp-content\/uploads\/2022\/05\/gousse-marque-1-1024x487.png\" class=\"attachment-large size-large wp-image-9054 wvs-archive-product-image\" alt=\"marchio del baccello di vaniglia\" srcset=\"https:\/\/mondevanille.com\/wp-content\/uploads\/2022\/05\/gousse-marque-1-1024x487.png 1024w, https:\/\/mondevanille.com\/wp-content\/uploads\/2022\/05\/gousse-marque-1-300x143.png 300w, https:\/\/mondevanille.com\/wp-content\/uploads\/2022\/05\/gousse-marque-1-768x365.png 768w, https:\/\/mondevanille.com\/wp-content\/uploads\/2022\/05\/gousse-marque-1-96x46.png 96w, https:\/\/mondevanille.com\/wp-content\/uploads\/2022\/05\/gousse-marque-1-42x20.png 42w, https:\/\/mondevanille.com\/wp-content\/uploads\/2022\/05\/gousse-marque-1-1536x731.png 1536w, https:\/\/mondevanille.com\/wp-content\/uploads\/2022\/05\/gousse-marque-1-2048x974.png 2048w, https:\/\/mondevanille.com\/wp-content\/uploads\/2022\/05\/gousse-marque-1-1000x476.png 1000w\" sizes=\"(max-width: 1024px) 100vw, 1024px\" \/>\t\t\t\t\t\t\t\t\t\t\t<figcaption class=\"widget-image-caption wp-caption-text\">Una vaniglia segnata dalla scarificazione da parte del produttore, questo metodo di identificazione consente di limitare i furti nelle piantagioni<\/figcaption>\n\t\t\t\t\t\t\t\t\t\t<\/figure>\n\t\t\t\t\t\t\t\t\t<\/div>\n\t\t\t\t<\/div>\n\t\t\t\t\t<\/div>\n\t\t<\/div>\n\t\t\t\t<div class=\"elementor-column elementor-col-50 elementor-top-column elementor-element elementor-element-355e2d2\" data-id=\"355e2d2\" data-element_type=\"column\" data-e-type=\"column\" data-settings=\"{&quot;background_background&quot;:&quot;classic&quot;}\">\n\t\t\t<div class=\"elementor-widget-wrap elementor-element-populated\">\n\t\t\t\t\t\t<div class=\"elementor-element elementor-element-64cf150 elementor-widget elementor-widget-heading\" data-id=\"64cf150\" data-element_type=\"widget\" data-e-type=\"widget\" data-widget_type=\"heading.default\">\n\t\t\t\t<div class=\"elementor-widget-container\">\n\t\t\t\t\t<h2 class=\"elementor-heading-title elementor-size-large\">Forma e aspetto generale dei baccelli<\/h2>\t\t\t\t<\/div>\n\t\t\t\t<\/div>\n\t\t\t\t<div class=\"elementor-element elementor-element-093c388 elementor-widget elementor-widget-text-editor\" data-id=\"093c388\" data-element_type=\"widget\" data-e-type=\"widget\" data-widget_type=\"text-editor.default\">\n\t\t\t\t<div class=\"elementor-widget-container\">\n\t\t\t\t\t\t\t\t\t<p>Visivamente la <strong>vaniglia<\/strong> non deve presentare alcun difetto rilevante (tranne la marcatura dei baccelli e in tal caso facilmente riconoscibile) quali tracce di muffa, macchie eccessive. Le cicatrici che possono essere causate da insetti allo stadio immaturo ( <strong>vaniglia verde sul gambo<\/strong> ) non hanno alcun impatto sulla qualit\u00e0 della vaniglia. Il colore dovrebbe essere preferibilmente uniforme.<\/p>\n<p style=\"font-size: 14px;\">Una raccolta tempestiva, una preparazione ottimale e accurata dei baccelli, d\u00e0 una <a href=\"https:\/\/mondevanille.com\/it\/prodotto\/saotome-vaniglia\/\">\n  <strong>vaniglia morbida<\/strong>\n<\/a>pieno e grasso (senza eccessi) al tatto. La vaniglia deve essere <strong>lucida<\/strong> senza essere troppo brillante (troppo bagnata), n\u00e9 troppo opaca,&nbsp;che pu\u00f2 essere un segno di chicchi che sono stati nell&#8217;alcol (quest&#8217;ultimo essendo un solvente, agir\u00e0 come un estrattore e vi priver\u00e0 di parte dell&#8217;aroma).<\/p>\t\t\t\t\t\t\t\t<\/div>\n\t\t\t\t<\/div>\n\t\t\t\t\t<\/div>\n\t\t<\/div>\n\t\t\t\t\t<\/div>\n\t\t<\/div>\n\t\t\t\t<div class=\"elementor-section elementor-top-section elementor-element elementor-element-36bd904 elementor-section-boxed elementor-section-height-default elementor-section-height-default\" data-id=\"36bd904\" data-element_type=\"section\" data-e-type=\"section\" data-settings=\"{&quot;background_background&quot;:&quot;classic&quot;}\">\n\t\t\t\t\t\t<div class=\"elementor-container elementor-column-gap-default\">\n\t\t\t\t\t<div class=\"elementor-column elementor-col-50 elementor-top-column elementor-element elementor-element-e60751b\" data-id=\"e60751b\" data-element_type=\"column\" data-e-type=\"column\" data-settings=\"{&quot;background_background&quot;:&quot;classic&quot;}\">\n\t\t\t<div class=\"elementor-widget-wrap elementor-element-populated\">\n\t\t\t\t\t\t<div class=\"elementor-element elementor-element-4979509 elementor-widget elementor-widget-heading\" data-id=\"4979509\" data-element_type=\"widget\" data-e-type=\"widget\" data-widget_type=\"heading.default\">\n\t\t\t\t<div class=\"elementor-widget-container\">\n\t\t\t\t\t<h2 class=\"elementor-heading-title elementor-size-default\">Vaniglia grassa o... troppo umida&nbsp;?<\/h2>\t\t\t\t<\/div>\n\t\t\t\t<\/div>\n\t\t\t\t<div class=\"elementor-element elementor-element-b66bc8b elementor-widget elementor-widget-text-editor\" data-id=\"b66bc8b\" data-element_type=\"widget\" data-e-type=\"widget\" data-widget_type=\"text-editor.default\">\n\t\t\t\t<div class=\"elementor-widget-container\">\n\t\t\t\t\t\t\t\t\t<p style=\"font-size: 14px;\">C&#8217;\u00e8 un eterno dibattito tra la <strong>vaniglia<\/strong> che non dovrebbe essere secca, friabile e con poco sapore, e la vaniglia che <strong>non dovrebbe essere troppo umida<\/strong>, che avr\u00e0 anche meno sapore.<\/p>\n<p style=\"font-size: 14px;\">Anche in questo caso c&#8217;\u00e8 una linea sottile, ma come si fa a distinguere tra una vaniglia sufficientemente raffinata, <strong>grassa ed elastica<\/strong>, e una eccessivamente umida? Oltre alla vaniglia di  <a href=\"https:\/\/mondevanille.com\/it\/prodotto\/tahiti-vaniglia\/\"><strong>Tahiti<\/strong> <\/a>e vaniglia  <strong>Pompona<\/strong>  sia di aspetto generoso, sia con un contenuto di umidit\u00e0 superiore a quello di una planifolia, \u00e8 importante evitare baccelli eccessivamente gonfi e oleosi; quest&#8217;ultimo aspetto deve essere discreto e in nessun caso deve segnare troppo le dita al tatto. L&#8217;ideale \u00e8 consultare le <strong>analisi<\/strong> corrispondenti al lotto che si sta acquistando.<\/p>\n\t\t\t\t\t\t\t\t<\/div>\n\t\t\t\t<\/div>\n\t\t\t\t\t<\/div>\n\t\t<\/div>\n\t\t\t\t<div class=\"elementor-column elementor-col-50 elementor-top-column elementor-element elementor-element-16d0818\" data-id=\"16d0818\" data-element_type=\"column\" data-e-type=\"column\" data-settings=\"{&quot;background_background&quot;:&quot;classic&quot;}\">\n\t\t\t<div class=\"elementor-widget-wrap elementor-element-populated\">\n\t\t\t\t\t\t<div class=\"elementor-element elementor-element-4abf61b elementor-widget elementor-widget-spacer\" data-id=\"4abf61b\" data-element_type=\"widget\" data-e-type=\"widget\" data-widget_type=\"spacer.default\">\n\t\t\t\t<div class=\"elementor-widget-container\">\n\t\t\t\t\t\t\t<div class=\"elementor-spacer\">\n\t\t\t<div class=\"elementor-spacer-inner\"><\/div>\n\t\t<\/div>\n\t\t\t\t\t\t<\/div>\n\t\t\t\t<\/div>\n\t\t\t\t\t<\/div>\n\t\t<\/div>\n\t\t\t\t\t<\/div>\n\t\t<\/div>\n\t\t\t\t<div class=\"elementor-section elementor-top-section elementor-element elementor-element-0b26c20 elementor-reverse-mobile_extra elementor-reverse-mobile elementor-section-boxed elementor-section-height-default elementor-section-height-default\" data-id=\"0b26c20\" data-element_type=\"section\" data-e-type=\"section\" data-settings=\"{&quot;background_background&quot;:&quot;classic&quot;}\">\n\t\t\t\t\t\t<div class=\"elementor-container elementor-column-gap-default\">\n\t\t\t\t\t<div class=\"elementor-column elementor-col-50 elementor-top-column elementor-element elementor-element-72fbee8\" data-id=\"72fbee8\" data-element_type=\"column\" data-e-type=\"column\" data-settings=\"{&quot;background_background&quot;:&quot;classic&quot;}\">\n\t\t\t<div class=\"elementor-widget-wrap elementor-element-populated\">\n\t\t\t\t\t\t<div class=\"elementor-element elementor-element-4319878 elementor-widget elementor-widget-spacer\" data-id=\"4319878\" data-element_type=\"widget\" data-e-type=\"widget\" data-widget_type=\"spacer.default\">\n\t\t\t\t<div class=\"elementor-widget-container\">\n\t\t\t\t\t\t\t<div class=\"elementor-spacer\">\n\t\t\t<div class=\"elementor-spacer-inner\"><\/div>\n\t\t<\/div>\n\t\t\t\t\t\t<\/div>\n\t\t\t\t<\/div>\n\t\t\t\t\t<\/div>\n\t\t<\/div>\n\t\t\t\t<div class=\"elementor-column elementor-col-50 elementor-top-column elementor-element elementor-element-433b7e7\" data-id=\"433b7e7\" data-element_type=\"column\" data-e-type=\"column\" data-settings=\"{&quot;background_background&quot;:&quot;classic&quot;}\">\n\t\t\t<div class=\"elementor-widget-wrap elementor-element-populated\">\n\t\t\t\t\t\t<div class=\"elementor-element elementor-element-ce6169b elementor-widget elementor-widget-heading\" data-id=\"ce6169b\" data-element_type=\"widget\" data-e-type=\"widget\" data-widget_type=\"heading.default\">\n\t\t\t\t<div class=\"elementor-widget-container\">\n\t\t\t\t\t<h2 class=\"elementor-heading-title elementor-size-default\">La dimensione dei baccelli di vaniglia<\/h2>\t\t\t\t<\/div>\n\t\t\t\t<\/div>\n\t\t\t\t<div class=\"elementor-element elementor-element-12b1304 elementor-widget elementor-widget-text-editor\" data-id=\"12b1304\" data-element_type=\"widget\" data-e-type=\"widget\" data-widget_type=\"text-editor.default\">\n\t\t\t\t<div class=\"elementor-widget-container\">\n\t\t\t\t\t\t\t\t\t<p>A priori, pu\u00f2 sembrare banale fermarsi qui sulla lunghezza della vaniglia. A parte la qualit\u00e0 uguale, <strong>dovresti sapere che pi\u00f9 una vaniglia \u00e8 lunga, maggiore \u00e8 il suo valore<\/strong> . Un baccello di vaniglia di 16 cm conterr\u00e0 logicamente pi\u00f9 vanillina di un baccello di 14 cm.<\/p>\n<p>L&#8217;interesse per il consumatore \u00e8 quello di acquistare una vaniglia da 16 a 18 o 20 cm che pu\u00f2 essere facilmente tagliata in 2 o 3. <strong>Tradizionalmente nei supermercati un baccello di vaniglia raramente supera i 16 cm o anche i 14 o 12 cm,<\/strong> detto che in quest&#8217;ultimo caso la resa per kg \u00e8 pi\u00f9 interessante per il venditore (perch\u00e9 pi\u00f9 baccelli per kg)<\/p>\n\t\t\t\t\t\t\t\t<\/div>\n\t\t\t\t<\/div>\n\t\t\t\t\t<\/div>\n\t\t<\/div>\n\t\t\t\t\t<\/div>\n\t\t<\/div>\n\t\t\t\t<div class=\"elementor-section elementor-top-section elementor-element elementor-element-258f059 elementor-section-boxed elementor-section-height-default elementor-section-height-default\" data-id=\"258f059\" data-element_type=\"section\" data-e-type=\"section\">\n\t\t\t\t\t\t<div class=\"elementor-container elementor-column-gap-default\">\n\t\t\t\t\t<div class=\"elementor-column elementor-col-100 elementor-top-column elementor-element elementor-element-645560a\" data-id=\"645560a\" data-element_type=\"column\" data-e-type=\"column\">\n\t\t\t<div class=\"elementor-widget-wrap elementor-element-populated\">\n\t\t\t\t\t\t<div class=\"elementor-element elementor-element-fee837c elementor-widget elementor-widget-heading\" data-id=\"fee837c\" data-element_type=\"widget\" data-e-type=\"widget\" data-widget_type=\"heading.default\">\n\t\t\t\t<div class=\"elementor-widget-container\">\n\t\t\t\t\t<h2 class=\"elementor-heading-title elementor-size-default\">In conclusione<\/h2>\t\t\t\t<\/div>\n\t\t\t\t<\/div>\n\t\t\t\t<div class=\"elementor-element elementor-element-191d5e9 elementor-widget elementor-widget-text-editor\" data-id=\"191d5e9\" data-element_type=\"widget\" data-e-type=\"widget\" data-widget_type=\"text-editor.default\">\n\t\t\t\t<div class=\"elementor-widget-container\">\n\t\t\t\t\t\t\t\t\t<p style=\"font-size: 14px;\">Quando si tratta di vaniglia, il duo vincente \u00e8 davvero:<\/p>\n<ol>\n<li style=\"font-size: 14px;\"><strong>Il profumo<\/strong> : una buona vaniglia \u00e8 un profumo di vaniglia franco, generoso e inebriante.<\/li>\n<li style=\"font-size: 14px;\"><strong>L&#8217;aspetto generale del baccello<\/strong> : l&#8217;elasticit\u00e0 e la consistenza dei baccelli sono buoni indicatori della qualit\u00e0 della vaniglia. Pi\u00f9 o meno densa, al tatto la vaniglia non deve essere friabile ma semplicemente elastica, lasciando una leggera pellicola untuosa sulle dita. Ricorda che il commercio della vaniglia \u00e8 regolato dallo standard afnor 5565-1.<\/li>\n<\/ol>\n\t\t\t\t\t\t\t\t<\/div>\n\t\t\t\t<\/div>\n\t\t\t\t\t<\/div>\n\t\t<\/div>\n\t\t\t\t\t<\/div>\n\t\t<\/div>\n\t\t\t\t<div class=\"elementor-section elementor-top-section elementor-element elementor-element-0eb1b38 elementor-section-boxed elementor-section-height-default elementor-section-height-default\" data-id=\"0eb1b38\" data-element_type=\"section\" data-e-type=\"section\">\n\t\t\t\t\t\t<div class=\"elementor-container elementor-column-gap-default\">\n\t\t\t\t\t<div class=\"elementor-column elementor-col-100 elementor-top-column elementor-element elementor-element-5cd6892\" data-id=\"5cd6892\" data-element_type=\"column\" data-e-type=\"column\">\n\t\t\t<div class=\"elementor-widget-wrap elementor-element-populated\">\n\t\t\t\t\t\t<div class=\"elementor-element elementor-element-8e757f3 elementor-widget-divider--view-line elementor-widget elementor-widget-divider\" data-id=\"8e757f3\" data-element_type=\"widget\" data-e-type=\"widget\" data-widget_type=\"divider.default\">\n\t\t\t\t<div class=\"elementor-widget-container\">\n\t\t\t\t\t\t\t<div class=\"elementor-divider\">\n\t\t\t<span class=\"elementor-divider-separator\">\n\t\t\t\t\t\t<\/span>\n\t\t<\/div>\n\t\t\t\t\t\t<\/div>\n\t\t\t\t<\/div>\n\t\t\t\t<div class=\"elementor-element elementor-element-c5c5df2 elementor-widget elementor-widget-heading\" data-id=\"c5c5df2\" data-element_type=\"widget\" data-e-type=\"widget\" data-widget_type=\"heading.default\">\n\t\t\t\t<div class=\"elementor-widget-container\">\n\t\t\t\t\t<h2 class=\"elementor-heading-title elementor-size-default\">Per maggiori informazioni su Vanilla<\/h2>\t\t\t\t<\/div>\n\t\t\t\t<\/div>\n\t\t\t\t<div class=\"elementor-element elementor-element-a46d216 elementor-grid-3 elementor-grid-tablet-2 elementor-grid-mobile-1 elementor-posts--thumbnail-top elementor-card-shadow-yes elementor-posts__hover-gradient elementor-widget elementor-widget-posts\" data-id=\"a46d216\" data-element_type=\"widget\" data-e-type=\"widget\" data-settings=\"{&quot;cards_columns&quot;:&quot;3&quot;,&quot;cards_columns_tablet&quot;:&quot;2&quot;,&quot;cards_columns_mobile&quot;:&quot;1&quot;,&quot;cards_row_gap&quot;:{&quot;unit&quot;:&quot;px&quot;,&quot;size&quot;:35,&quot;sizes&quot;:[]},&quot;cards_row_gap_laptop&quot;:{&quot;unit&quot;:&quot;px&quot;,&quot;size&quot;:&quot;&quot;,&quot;sizes&quot;:[]},&quot;cards_row_gap_tablet&quot;:{&quot;unit&quot;:&quot;px&quot;,&quot;size&quot;:&quot;&quot;,&quot;sizes&quot;:[]},&quot;cards_row_gap_mobile_extra&quot;:{&quot;unit&quot;:&quot;px&quot;,&quot;size&quot;:&quot;&quot;,&quot;sizes&quot;:[]},&quot;cards_row_gap_mobile&quot;:{&quot;unit&quot;:&quot;px&quot;,&quot;size&quot;:&quot;&quot;,&quot;sizes&quot;:[]}}\" data-widget_type=\"posts.cards\">\n\t\t\t\t<div class=\"elementor-widget-container\">\n\t\t\t\t\t\t\t<div class=\"elementor-posts-container elementor-posts elementor-posts--skin-cards elementor-grid\" role=\"list\">\n\t\t\t\t<article class=\"elementor-post elementor-grid-item post-54776 post type-post status-publish format-standard has-post-thumbnail hentry category-ricetta-di-cucina tag-ricetta-alla-vaniglia\" role=\"listitem\">\n\t\t\t<div class=\"elementor-post__card\">\n\t\t\t\t<a class=\"elementor-post__thumbnail__link\" href=\"https:\/\/mondevanille.com\/it\/riso-avena-con-vaniglia-bourbon-de-madagascar\/\" tabindex=\"-1\" ><div class=\"elementor-post__thumbnail\"><img decoding=\"async\" width=\"1200\" height=\"1600\" src=\"https:\/\/mondevanille.com\/wp-content\/uploads\/2024\/02\/Riz-Au-Lait.webp\" class=\"attachment-full size-full wp-image-54693 wvs-archive-product-image\" alt=\"Riso al latte con vaniglia Bourbon del Madagascar\" \/><\/div><\/a>\n\t\t\t\t<div class=\"elementor-post__text\">\n\t\t\t\t<h3 class=\"elementor-post__title\">\n\t\t\t<a href=\"https:\/\/mondevanille.com\/it\/riso-avena-con-vaniglia-bourbon-de-madagascar\/\" >\n\t\t\t\tRiso al latte con vaniglia Bourbon del Madagascar\t\t\t<\/a>\n\t\t<\/h3>\n\t\t\n\t\t<a class=\"elementor-post__read-more\" href=\"https:\/\/mondevanille.com\/it\/riso-avena-con-vaniglia-bourbon-de-madagascar\/\" aria-label=\"Leggi tutto Riso al latte con vaniglia Bourbon del Madagascar\" tabindex=\"-1\" >\n\t\t\tPer saperne di pi\u00f9 \"\t\t<\/a>\n\n\t\t\t\t<\/div>\n\t\t\t\t\t<\/div>\n\t\t<\/article>\n\t\t\t\t<article class=\"elementor-post elementor-grid-item post-54611 post type-post status-publish format-standard has-post-thumbnail hentry category-ricetta-di-cucina tag-ricetta-alla-vaniglia\" role=\"listitem\">\n\t\t\t<div class=\"elementor-post__card\">\n\t\t\t\t<a class=\"elementor-post__thumbnail__link\" href=\"https:\/\/mondevanille.com\/it\/filetti-di-carciofo-limone-e-vaniglia-da-papua-nuova-guinea\/\" tabindex=\"-1\" ><div class=\"elementor-post__thumbnail\"><img loading=\"lazy\" decoding=\"async\" width=\"636\" height=\"424\" src=\"https:\/\/mondevanille.com\/wp-content\/uploads\/2024\/02\/Recette-Rouget-Vanille.webp\" class=\"attachment-full size-full wp-image-54585 wvs-archive-product-image\" alt=\"Ricetta Triglia alla vaniglia\" srcset=\"https:\/\/mondevanille.com\/wp-content\/uploads\/2024\/02\/Recette-Rouget-Vanille.webp 636w, https:\/\/mondevanille.com\/wp-content\/uploads\/2024\/02\/Recette-Rouget-Vanille-600x400.webp 600w, https:\/\/mondevanille.com\/wp-content\/uploads\/2024\/02\/Recette-Rouget-Vanille-64x43.webp 64w\" sizes=\"(max-width: 636px) 100vw, 636px\" \/><\/div><\/a>\n\t\t\t\t<div class=\"elementor-post__text\">\n\t\t\t\t<h3 class=\"elementor-post__title\">\n\t\t\t<a href=\"https:\/\/mondevanille.com\/it\/filetti-di-carciofo-limone-e-vaniglia-da-papua-nuova-guinea\/\" >\n\t\t\t\tFiletti di triglia della Papua Nuova Guinea, menta e vaniglia\t\t\t<\/a>\n\t\t<\/h3>\n\t\t\n\t\t<a class=\"elementor-post__read-more\" href=\"https:\/\/mondevanille.com\/it\/filetti-di-carciofo-limone-e-vaniglia-da-papua-nuova-guinea\/\" aria-label=\"Leggi tutto Filetti di triglia della Papua Nuova Guinea, menta e vaniglia\" tabindex=\"-1\" >\n\t\t\tPer saperne di pi\u00f9 \"\t\t<\/a>\n\n\t\t\t\t<\/div>\n\t\t\t\t\t<\/div>\n\t\t<\/article>\n\t\t\t\t<article class=\"elementor-post elementor-grid-item post-55032 post type-post status-publish format-standard has-post-thumbnail hentry category-ricetta-di-cucina tag-ricetta-alla-vaniglia\" role=\"listitem\">\n\t\t\t<div class=\"elementor-post__card\">\n\t\t\t\t<a class=\"elementor-post__thumbnail__link\" href=\"https:\/\/mondevanille.com\/it\/puree-de-topinambour-a-la-vanille-de-papouasie-nouvelle-guinee-et-chips-de-carotte\/\" tabindex=\"-1\" ><div class=\"elementor-post__thumbnail\"><img loading=\"lazy\" decoding=\"async\" width=\"1200\" height=\"1600\" src=\"https:\/\/mondevanille.com\/wp-content\/uploads\/2024\/02\/puree-de-topinambour-chips-carotte-presentation.webp\" class=\"attachment-full size-full wp-image-54919 wvs-archive-product-image\" alt=\"Pur\u00e8 di topinambur presentazione di chips di carote\" srcset=\"https:\/\/mondevanille.com\/wp-content\/uploads\/2024\/02\/puree-de-topinambour-chips-carotte-presentation.webp 1200w, https:\/\/mondevanille.com\/wp-content\/uploads\/2024\/02\/puree-de-topinambour-chips-carotte-presentation-450x600.webp 450w, https:\/\/mondevanille.com\/wp-content\/uploads\/2024\/02\/puree-de-topinambour-chips-carotte-presentation-768x1024.webp 768w, https:\/\/mondevanille.com\/wp-content\/uploads\/2024\/02\/puree-de-topinambour-chips-carotte-presentation-1152x1536.webp 1152w, https:\/\/mondevanille.com\/wp-content\/uploads\/2024\/02\/puree-de-topinambour-chips-carotte-presentation-1000x1333.webp 1000w, https:\/\/mondevanille.com\/wp-content\/uploads\/2024\/02\/puree-de-topinambour-chips-carotte-presentation-64x85.webp 64w\" sizes=\"(max-width: 1200px) 100vw, 1200px\" \/><\/div><\/a>\n\t\t\t\t<div class=\"elementor-post__text\">\n\t\t\t\t<h3 class=\"elementor-post__title\">\n\t\t\t<a href=\"https:\/\/mondevanille.com\/it\/puree-de-topinambour-a-la-vanille-de-papouasie-nouvelle-guinee-et-chips-de-carotte\/\" >\n\t\t\t\tPur\u00e8 di topinambur alla vaniglia e croccantini di carote\t\t\t<\/a>\n\t\t<\/h3>\n\t\t\n\t\t<a class=\"elementor-post__read-more\" href=\"https:\/\/mondevanille.com\/it\/puree-de-topinambour-a-la-vanille-de-papouasie-nouvelle-guinee-et-chips-de-carotte\/\" aria-label=\"Leggi tutto Pur\u00e8 di topinambur alla vaniglia e croccantini di carote\" tabindex=\"-1\" >\n\t\t\tPer saperne di pi\u00f9 \"\t\t<\/a>\n\n\t\t\t\t<\/div>\n\t\t\t\t\t<\/div>\n\t\t<\/article>\n\t\t\t\t<\/div>\n\t\t\n\t\t\t\t\t\t<\/div>\n\t\t\t\t<\/div>\n\t\t\t\t\t<\/div>\n\t\t<\/div>\n\t\t\t\t\t<\/div>\n\t\t<\/div>\n\t\t\t\t<\/div>\n\t\t","protected":false},"excerpt":{"rendered":"<p>Non parleremo qui nel dettaglio dell&#8217;origine , del metodo di preparazione o dei terroir, parametri che necessariamente influenzano il sapore della vaniglia, ma soffermiamoci per\u00f2 su alcune generalit\u00e0 permettendovi di fare la scelta giusta sui vostri baccelli di vaniglia . Baccelli spaccati, vaniglia screziata, deformazioni, scarificazioni naturali dovute a insetti o scarificazioni manuali dovute alla marcatura dei lavoratori in Madagascar,<\/p>\n","protected":false},"author":3,"featured_media":43488,"comment_status":"closed","ping_status":"open","sticky":false,"template":"","format":"standard","meta":{"footnotes":""},"categories":[285],"tags":[],"class_list":["post-8298","post","type-post","status-publish","format-standard","has-post-thumbnail","hentry","category-origini-della-vaniglia"],"aioseo_notices":[],"_links":{"self":[{"href":"https:\/\/mondevanille.com\/it\/wp-json\/wp\/v2\/posts\/8298","targetHints":{"allow":["GET"]}}],"collection":[{"href":"https:\/\/mondevanille.com\/it\/wp-json\/wp\/v2\/posts"}],"about":[{"href":"https:\/\/mondevanille.com\/it\/wp-json\/wp\/v2\/types\/post"}],"author":[{"embeddable":true,"href":"https:\/\/mondevanille.com\/it\/wp-json\/wp\/v2\/users\/3"}],"replies":[{"embeddable":true,"href":"https:\/\/mondevanille.com\/it\/wp-json\/wp\/v2\/comments?post=8298"}],"version-history":[{"count":0,"href":"https:\/\/mondevanille.com\/it\/wp-json\/wp\/v2\/posts\/8298\/revisions"}],"wp:featuredmedia":[{"embeddable":true,"href":"https:\/\/mondevanille.com\/it\/wp-json\/wp\/v2\/media\/43488"}],"wp:attachment":[{"href":"https:\/\/mondevanille.com\/it\/wp-json\/wp\/v2\/media?parent=8298"}],"wp:term":[{"taxonomy":"category","embeddable":true,"href":"https:\/\/mondevanille.com\/it\/wp-json\/wp\/v2\/categories?post=8298"},{"taxonomy":"post_tag","embeddable":true,"href":"https:\/\/mondevanille.com\/it\/wp-json\/wp\/v2\/tags?post=8298"}],"curies":[{"name":"wp","href":"https:\/\/api.w.org\/{rel}","templated":true}]}}